{"id":43594,"date":"2019-11-14T15:16:04","date_gmt":"2019-11-14T15:16:04","guid":{"rendered":"https:\/\/fg.ull.es\/noticias\/?p=43594"},"modified":"2019-11-14T15:19:15","modified_gmt":"2019-11-14T15:19:15","slug":"abierto-el-plazo-para-la-inscripcion-en-la-base-de-datos-de-recursos-humanos-con-perfiles-en-competencias-de-gestion-y-promocion-en-el-ambito-de-la-innovacion","status":"publish","type":"post","link":"https:\/\/fg.ull.es\/noticias\/2019\/11\/14\/abierto-el-plazo-para-la-inscripcion-en-la-base-de-datos-de-recursos-humanos-con-perfiles-en-competencias-de-gestion-y-promocion-en-el-ambito-de-la-innovacion\/","title":{"rendered":"Abierto el plazo para la inscripci\u00f3n en la base de datos de recursos humanos con perfiles en competencias de gesti\u00f3n y promoci\u00f3n en el \u00e1mbito de la Innovaci\u00f3n"},"content":{"rendered":"<h4>La presente convocatoria tiene por objeto la constituci\u00f3n de una base de datos de recursos humanos con perfiles en competencias de gesti\u00f3n y promoci\u00f3n en el \u00e1mbito de la innovaci\u00f3n, que permita facilitar los procesos de selecci\u00f3n de personal por parte de entidades externas a la Fundaci\u00f3n General de La Universidad de La Laguna.<\/h4>\n<p>Los requisitos m\u00ednimos para pertenecer a la base de datos\u00a0ser\u00e1n los siguientes:<\/p>\n<ol>\n<li>Poseer formaci\u00f3n acreditada en gesti\u00f3n de la innovaci\u00f3n.<\/li>\n<li>Tener titulaci\u00f3n superior finalizada (Titulaci\u00f3n Universitaria o Titulaci\u00f3n de Ciclo Formativo de Grado Superior).<\/li>\n<\/ol>\n<p><strong>El plazo de inscripci\u00f3n finaliza el lunes 9 de diciembre a las 23:59 horas.<\/strong><\/p>\n<p>Puedes consultar el proceso de inscripci\u00f3n en el siguiente documento <a href=\"https:\/\/drive.google.com\/file\/d\/1Xl5PvcvK-UGWQaAAYn2NcN6d885D9K-L\/view\" target=\"_blank\" rel=\"noopener\">Constituci\u00f3n de Base de Datos Perfiles en el \u00e1mbito de la Innovaci\u00f3n<\/a><\/p>\n<p>Inscripciones <a href=\"https:\/\/sede.fg.ull.es\/es\/empleo\/detalle\/a19120071\/fundacion-general-de-la-universidad-de-la-laguna-agencia-universitaria-de-innovacion\" target=\"_blank\" rel=\"noopener\">aqu\u00ed<\/a><\/p>\n","protected":false},"excerpt":{"rendered":"<p>La presente convocatoria tiene por objeto la constituci\u00f3n de una base de datos de recursos humanos con perfiles en competencias de gesti\u00f3n y promoci\u00f3n en el \u00e1mbito de la innovaci\u00f3n, que permita facilitar los procesos de selecci\u00f3n de personal por parte de entidades externas a la Fundaci\u00f3n General de La Universidad de La Laguna. Los&#8230;<\/p>\n","protected":false},"author":25,"featured_media":0,"comment_status":"closed","ping_status":"closed","sticky":false,"template":"","format":"standard","meta":{"footnotes":""},"categories":[232],"tags":[],"featured_image_thumbnail_url":null,"_links":{"self":[{"href":"https:\/\/fg.ull.es\/noticias\/wp-json\/wp\/v2\/posts\/43594"}],"collection":[{"href":"https:\/\/fg.ull.es\/noticias\/wp-json\/wp\/v2\/posts"}],"about":[{"href":"https:\/\/fg.ull.es\/noticias\/wp-json\/wp\/v2\/types\/post"}],"author":[{"embeddable":true,"href":"https:\/\/fg.ull.es\/noticias\/wp-json\/wp\/v2\/users\/25"}],"replies":[{"embeddable":true,"href":"https:\/\/fg.ull.es\/noticias\/wp-json\/wp\/v2\/comments?post=43594"}],"version-history":[{"count":5,"href":"https:\/\/fg.ull.es\/noticias\/wp-json\/wp\/v2\/posts\/43594\/revisions"}],"predecessor-version":[{"id":43599,"href":"https:\/\/fg.ull.es\/noticias\/wp-json\/wp\/v2\/posts\/43594\/revisions\/43599"}],"wp:attachment":[{"href":"https:\/\/fg.ull.es\/noticias\/wp-json\/wp\/v2\/media?parent=43594"}],"wp:term":[{"taxonomy":"category","embeddable":true,"href":"https:\/\/fg.ull.es\/noticias\/wp-json\/wp\/v2\/categories?post=43594"},{"taxonomy":"post_tag","embeddable":true,"href":"https:\/\/fg.ull.es\/noticias\/wp-json\/wp\/v2\/tags?post=43594"}],"curies":[{"name":"wp","href":"https:\/\/api.w.org\/{rel}","templated":true}]}}