{"id":43550,"date":"2019-11-12T13:18:14","date_gmt":"2019-11-12T13:18:14","guid":{"rendered":"https:\/\/fg.ull.es\/noticias\/?p=43550"},"modified":"2019-11-12T13:23:36","modified_gmt":"2019-11-12T13:23:36","slug":"primer-listado-definitivo-de-aceptados-as-y-excluidos-as-de-la-convocatoria-para-la-seleccion-de-personas-que-conformaran-una-bolsa-de-becarios-con-perfil-administrativo-2019bdb008","status":"publish","type":"post","link":"https:\/\/fg.ull.es\/noticias\/2019\/11\/12\/primer-listado-definitivo-de-aceptados-as-y-excluidos-as-de-la-convocatoria-para-la-seleccion-de-personas-que-conformaran-una-bolsa-de-becarios-con-perfil-administrativo-2019bdb008\/","title":{"rendered":"Primer listado definitivo de aceptados\/as y excluidos\/as de la convocatoria para la selecci\u00f3n de personas que conformar\u00e1n una bolsa de becarios con perfil administrativo &#8211; 2019BDB008"},"content":{"rendered":"<section class=\"wpb-content-wrapper\"><p>[vc_row][vc_column][vc_column_text]<\/p>\n<h4>Finalizado el periodo de alegaciones, se procede a publicar el PRIMER listado definitivo de aceptados\/as y excluidos\/as de la selecci\u00f3n de personas que conformar\u00e1n una bolsa de becarios con perfil administrativo &#8211; <strong><em>2019BDB008<\/em><\/strong><\/h4>\n<p>Para la valoraci\u00f3n de todas y cada una de las candidaturas, y de los futuros procesos, se ha tomado\/tomar\u00e1 como fundamento lo especificado en:[\/vc_column_text][vc_empty_space][\/vc_column][\/vc_row][vc_row][vc_column width=&#8221;1\/2&#8243;][vc_column_text]Bases generales:[\/vc_column_text][\/vc_column][vc_column width=&#8221;1\/2&#8243;][vc_btn title=&#8221;Descargar Bases Generales&#8221; style=&#8221;custom&#8221; custom_background=&#8221;#c2185b&#8221; custom_text=&#8221;#ffffff&#8221; shape=&#8221;square&#8221; size=&#8221;lg&#8221; align=&#8221;center&#8221; i_align=&#8221;right&#8221; i_icon_fontawesome=&#8221;fa fa-plus-circle&#8221; button_block=&#8221;true&#8221; add_icon=&#8221;true&#8221; link=&#8221;url:https%3A%2F%2Fdrive.google.com%2Fa%2Ffg.ull.es%2Ffile%2Fd%2F10Q1REVwhZ9_Ir0n_AAPLbTv9HhaJVe2R%2Fview%3Fusp%3Dsharing||target:%20_blank|&#8221;][\/vc_column][\/vc_row][vc_row][vc_column width=&#8221;1\/2&#8243;][vc_column_text]Perfil singular:[\/vc_column_text][\/vc_column][vc_column width=&#8221;1\/2&#8243;][vc_btn title=&#8221;Descargar Perfil Singular&#8221; style=&#8221;custom&#8221; custom_background=&#8221;#c2185b&#8221; custom_text=&#8221;#ffffff&#8221; shape=&#8221;square&#8221; size=&#8221;lg&#8221; align=&#8221;center&#8221; i_align=&#8221;right&#8221; i_icon_fontawesome=&#8221;fa fa-plus-circle&#8221; button_block=&#8221;true&#8221; add_icon=&#8221;true&#8221; link=&#8221;url:https%3A%2F%2Fdrive.google.com%2Fa%2Ffg.ull.es%2Ffile%2Fd%2F10E31m6dmFQ_XFPK8NKoDlDqj6MJAgcJt%2Fview%3Fusp%3Dsharing||target:%20_blank|&#8221;][\/vc_column][\/vc_row][vc_row][vc_column][vc_separator][\/vc_column][\/vc_row][vc_row][vc_column width=&#8221;1\/2&#8243;][vc_column_text]Descargar listado:[\/vc_column_text][\/vc_column][vc_column width=&#8221;1\/2&#8243;][vc_btn title=&#8221;Descargar aqu\u00ed &#8221; style=&#8221;custom&#8221; custom_background=&#8221;#d800a2&#8243; custom_text=&#8221;#ffffff&#8221; shape=&#8221;square&#8221; size=&#8221;lg&#8221; align=&#8221;center&#8221; i_align=&#8221;right&#8221; i_icon_fontawesome=&#8221;fa fa-plus-circle&#8221; button_block=&#8221;true&#8221; add_icon=&#8221;true&#8221; link=&#8221;url:https%3A%2F%2Fdrive.google.com%2Fa%2Ffg.ull.es%2Ffile%2Fd%2F11DcXdkZlMNObXOanZVfFcMZtmx9BezR8%2Fview%3Fusp%3Dsharing||target:%20_blank|&#8221;][\/vc_column][\/vc_row]<\/p>\n<\/section>","protected":false},"excerpt":{"rendered":"<p>[vc_row][vc_column][vc_column_text] Finalizado el periodo de alegaciones, se procede a publicar el PRIMER listado definitivo de aceptados\/as y excluidos\/as de la selecci\u00f3n de personas que conformar\u00e1n una bolsa de becarios con perfil administrativo &#8211; 2019BDB008 Para la valoraci\u00f3n de todas y cada una de las candidaturas, y de los futuros procesos, se ha tomado\/tomar\u00e1 como fundamento&#8230;<\/p>\n","protected":false},"author":9,"featured_media":0,"comment_status":"closed","ping_status":"closed","sticky":false,"template":"","format":"standard","meta":{"footnotes":""},"categories":[232],"tags":[],"featured_image_thumbnail_url":null,"_links":{"self":[{"href":"https:\/\/fg.ull.es\/noticias\/wp-json\/wp\/v2\/posts\/43550"}],"collection":[{"href":"https:\/\/fg.ull.es\/noticias\/wp-json\/wp\/v2\/posts"}],"about":[{"href":"https:\/\/fg.ull.es\/noticias\/wp-json\/wp\/v2\/types\/post"}],"author":[{"embeddable":true,"href":"https:\/\/fg.ull.es\/noticias\/wp-json\/wp\/v2\/users\/9"}],"replies":[{"embeddable":true,"href":"https:\/\/fg.ull.es\/noticias\/wp-json\/wp\/v2\/comments?post=43550"}],"version-history":[{"count":5,"href":"https:\/\/fg.ull.es\/noticias\/wp-json\/wp\/v2\/posts\/43550\/revisions"}],"predecessor-version":[{"id":43556,"href":"https:\/\/fg.ull.es\/noticias\/wp-json\/wp\/v2\/posts\/43550\/revisions\/43556"}],"wp:attachment":[{"href":"https:\/\/fg.ull.es\/noticias\/wp-json\/wp\/v2\/media?parent=43550"}],"wp:term":[{"taxonomy":"category","embeddable":true,"href":"https:\/\/fg.ull.es\/noticias\/wp-json\/wp\/v2\/categories?post=43550"},{"taxonomy":"post_tag","embeddable":true,"href":"https:\/\/fg.ull.es\/noticias\/wp-json\/wp\/v2\/tags?post=43550"}],"curies":[{"name":"wp","href":"https:\/\/api.w.org\/{rel}","templated":true}]}}