{"id":43301,"date":"2019-10-21T10:47:06","date_gmt":"2019-10-21T09:47:06","guid":{"rendered":"https:\/\/fg.ull.es\/noticias\/?p=43301"},"modified":"2019-10-21T10:50:40","modified_gmt":"2019-10-21T09:50:40","slug":"segundo-listado-definitivode-la-convocatoria-de-seleccion-de-una-beca-formativa-de-investigacion-para-participar-en-proyectos-del-grupo-de-investigacion-pescatur-2019bdb007","status":"publish","type":"post","link":"https:\/\/fg.ull.es\/noticias\/2019\/10\/21\/segundo-listado-definitivode-la-convocatoria-de-seleccion-de-una-beca-formativa-de-investigacion-para-participar-en-proyectos-del-grupo-de-investigacion-pescatur-2019bdb007\/","title":{"rendered":"Segundo listado definitivode la convocatoria de selecci\u00f3n de una beca formativa de investigaci\u00f3n para participar en proyectos del grupo de investigaci\u00f3n PESCATUR (2019BDB007)"},"content":{"rendered":"<section class=\"wpb-content-wrapper\"><p>[vc_row][vc_column][vc_column_text]<\/p>\n<h4>Finalizado el periodo de alegaciones, se procede a publicar el segundo listado definitivo de la convocatoria\u00a0de beca formativa de investigaci\u00f3n para participar en proyectos del grupo de investigaci\u00f3n PESCATUR (2019BDB007)<\/h4>\n<p>Para la valoraci\u00f3n de todas y cada una de las candidaturas, y de los futuros procesos, se ha tomado\/tomar\u00e1 como fundamento lo especificado en:[\/vc_column_text][\/vc_column][\/vc_row][vc_row][vc_column width=&#8221;1\/2&#8243;][vc_column_text]<\/p>\n<h4>Bases generales<\/h4>\n<p>[\/vc_column_text][\/vc_column][vc_column width=&#8221;1\/2&#8243;][vc_btn title=&#8221;Descargar Bases Generales&#8221; style=&#8221;custom&#8221; custom_background=&#8221;#c2185b&#8221; custom_text=&#8221;#ffffff&#8221; shape=&#8221;square&#8221; align=&#8221;center&#8221; i_align=&#8221;right&#8221; i_icon_fontawesome=&#8221;fa fa-arrow-circle-down&#8221; button_block=&#8221;true&#8221; add_icon=&#8221;true&#8221; link=&#8221;url:https%3A%2F%2Fdrive.google.com%2Ffile%2Fd%2F1SQB3QzBq_dL606-aweqkvtgCZn0be-3J%2Fview%20_blank|||&#8221;][\/vc_column][\/vc_row][vc_row][vc_column width=&#8221;1\/2&#8243;][vc_column_text]<\/p>\n<h4>Perfil Singular<\/h4>\n<p>[\/vc_column_text][\/vc_column][vc_column width=&#8221;1\/2&#8243;][vc_btn title=&#8221;Descargar Perfil Singular&#8221; style=&#8221;custom&#8221; custom_background=&#8221;#c2185b&#8221; custom_text=&#8221;#ffffff&#8221; shape=&#8221;square&#8221; align=&#8221;center&#8221; i_align=&#8221;right&#8221; i_icon_fontawesome=&#8221;fa fa-arrow-circle-down&#8221; button_block=&#8221;true&#8221; add_icon=&#8221;true&#8221; link=&#8221;url:https%3A%2F%2Fdrive.google.com%2Ffile%2Fd%2F1hGgyJ_WNn7FW9Zz97LG0SSZqUR2M6M0z%2Fview%20_blank||target:%20_blank|&#8221;][\/vc_column][\/vc_row][vc_row][vc_column width=&#8221;1\/2&#8243;][vc_column_text]<\/p>\n<h4>Descargar listado provisional<\/h4>\n<p>[\/vc_column_text][\/vc_column][vc_column width=&#8221;1\/2&#8243;][vc_btn title=&#8221;Descargar aqu\u00ed&#8221; style=&#8221;custom&#8221; custom_background=&#8221;#d800a2&#8243; custom_text=&#8221;#ffffff&#8221; shape=&#8221;square&#8221; align=&#8221;center&#8221; i_align=&#8221;right&#8221; i_icon_fontawesome=&#8221;fa fa-arrow-circle-down&#8221; button_block=&#8221;true&#8221; add_icon=&#8221;true&#8221; link=&#8221;url:https%3A%2F%2Fdrive.google.com%2Ffile%2Fd%2F1-iBmyHFbA8Lfem_ms3j6YIXz0cJ96w8N%2Fview%3Fusp%3Dsharing||target:%20_blank|&#8221;][\/vc_column][\/vc_row]<\/p>\n<\/section>","protected":false},"excerpt":{"rendered":"<p>[vc_row][vc_column][vc_column_text] Finalizado el periodo de alegaciones, se procede a publicar el segundo listado definitivo de la convocatoria\u00a0de beca formativa de investigaci\u00f3n para participar en proyectos del grupo de investigaci\u00f3n PESCATUR (2019BDB007) Para la valoraci\u00f3n de todas y cada una de las candidaturas, y de los futuros procesos, se ha tomado\/tomar\u00e1 como fundamento lo especificado en:[\/vc_column_text][\/vc_column][\/vc_row][vc_row][vc_column&#8230;<\/p>\n","protected":false},"author":5,"featured_media":0,"comment_status":"closed","ping_status":"closed","sticky":false,"template":"","format":"standard","meta":{"footnotes":""},"categories":[232],"tags":[],"featured_image_thumbnail_url":null,"_links":{"self":[{"href":"https:\/\/fg.ull.es\/noticias\/wp-json\/wp\/v2\/posts\/43301"}],"collection":[{"href":"https:\/\/fg.ull.es\/noticias\/wp-json\/wp\/v2\/posts"}],"about":[{"href":"https:\/\/fg.ull.es\/noticias\/wp-json\/wp\/v2\/types\/post"}],"author":[{"embeddable":true,"href":"https:\/\/fg.ull.es\/noticias\/wp-json\/wp\/v2\/users\/5"}],"replies":[{"embeddable":true,"href":"https:\/\/fg.ull.es\/noticias\/wp-json\/wp\/v2\/comments?post=43301"}],"version-history":[{"count":2,"href":"https:\/\/fg.ull.es\/noticias\/wp-json\/wp\/v2\/posts\/43301\/revisions"}],"predecessor-version":[{"id":43305,"href":"https:\/\/fg.ull.es\/noticias\/wp-json\/wp\/v2\/posts\/43301\/revisions\/43305"}],"wp:attachment":[{"href":"https:\/\/fg.ull.es\/noticias\/wp-json\/wp\/v2\/media?parent=43301"}],"wp:term":[{"taxonomy":"category","embeddable":true,"href":"https:\/\/fg.ull.es\/noticias\/wp-json\/wp\/v2\/categories?post=43301"},{"taxonomy":"post_tag","embeddable":true,"href":"https:\/\/fg.ull.es\/noticias\/wp-json\/wp\/v2\/tags?post=43301"}],"curies":[{"name":"wp","href":"https:\/\/api.w.org\/{rel}","templated":true}]}}