{"id":43153,"date":"2019-10-04T10:21:06","date_gmt":"2019-10-04T09:21:06","guid":{"rendered":"https:\/\/fg.ull.es\/noticias\/?p=43153"},"modified":"2020-01-22T09:12:31","modified_gmt":"2020-01-22T09:12:31","slug":"servicio-de-orientacion-y-acompanamiento-laboral-de-la-ull-impartira-4-sesiones-grupales-durante-el-mes-de-octubre","status":"publish","type":"post","link":"https:\/\/fg.ull.es\/noticias\/2019\/10\/04\/servicio-de-orientacion-y-acompanamiento-laboral-de-la-ull-impartira-4-sesiones-grupales-durante-el-mes-de-octubre\/","title":{"rendered":"Servicio de Orientaci\u00f3n y Acompa\u00f1amiento Laboral de la ULL impartir\u00e1 4 sesiones grupales durante el mes de octubre"},"content":{"rendered":"<section class=\"wpb-content-wrapper\"><p>[vc_row][vc_column][vc_column_text]<\/p>\n<h3>Se ofrecer\u00e1 contenido sobre las pruebas selectivas y herramientas para la b\u00fasqueda de empleo<\/h3>\n<p>El Servicio de Orientaci\u00f3n y Acompa\u00f1amiento Laboral de la Fundaci\u00f3n General de la Universidad de la Laguna desarrollar\u00e1 4 sesiones grupales durante el mes de octubre. La tem\u00e1tica de las sesiones de trabajo ser\u00e1 sobre \u2018Herramientas para la b\u00fasqueda de empleo\u2019, \u2018Entrevista de selecci\u00f3n\u2019, \u2018Actitudes hacia el empleo\u2019 y \u2018Pruebas selectivas\u2019.<\/p>\n<p>La primera sesi\u00f3n del mes se celebrar\u00e1 el 8 de octubre y trabajar\u00e1 las \u2018Actitudes hacia el empleo\u2019 con el objeto de que las personas asistentes identifiquen y potencien las actitudes necesarias para conseguir un empleo.<\/p>\n<p>Al d\u00eda siguiente, se impartir\u00e1 el taller <strong>\u2018Pruebas selectivas\u2019<\/strong> en el que se trabajar\u00e1n las fases de los procesos selectivos y se conocer\u00e1n los tipos de prueba que m\u00e1s se utilizan en la actualidad en los procesos selectivos. Tambi\u00e9n, se estrenar\u00e1n las diferentes t\u00e9cnicas que se utilizan para afrontar pruebas selectivas.<\/p>\n<p>El jueves 24 de octubre, se celebrar\u00e1 una sesi\u00f3n sobre <strong>\u2018Entrevistas de selecci\u00f3n\u2019<\/strong> donde las personas asistentes identificar\u00e1n las fases de la entrevista de selecci\u00f3n, reconocer\u00e1n los diferentes tipos de entrevista y desarrollar\u00e1n las habilidades para afrontarlas.<\/p>\n<p>Cerrar\u00e1 el mes, el pr\u00f3ximo 30 de octubre, el taller<strong> \u2018Herramientas para la b\u00fasqueda de empleo\u2019<\/strong> presentar\u00e1 los distintos tipos de curr\u00edculum y ense\u00f1ar\u00e1 c\u00f3mo elaborar cartas de presentaci\u00f3n y el curr\u00edculum, adaptando este \u00faltimo en funci\u00f3n de la oferta de empleo y la empresa.<\/p>\n<p>Las personas interesadas en participar en dichos talleres o en recibir mayor informaci\u00f3n podr\u00e1n contactar, directamente, enviando un correo electr\u00f3nico a orientate@fg.ull.es.<\/p>\n<p>Acciones cofinanciadas con Fondos Comunitarios del Fondo Social Europeo a trav\u00e9s del programa operativo FSE de Canarias, para el periodo 2014-2020, con un porcentaje de 85%.[\/vc_column_text][\/vc_column][\/vc_row][vc_row][vc_column][vc_single_image image=&#8221;43167&#8243; img_size=&#8221;full&#8221;][\/vc_column][\/vc_row]<\/p>\n<\/section>","protected":false},"excerpt":{"rendered":"<p>[vc_row][vc_column][vc_column_text] Se ofrecer\u00e1 contenido sobre las pruebas selectivas y herramientas para la b\u00fasqueda de empleo El Servicio de Orientaci\u00f3n y Acompa\u00f1amiento Laboral de la Fundaci\u00f3n General de la Universidad de la Laguna desarrollar\u00e1 4 sesiones grupales durante el mes de octubre. La tem\u00e1tica de las sesiones de trabajo ser\u00e1 sobre \u2018Herramientas para la b\u00fasqueda de&#8230;<\/p>\n","protected":false},"author":28,"featured_media":43155,"comment_status":"closed","ping_status":"closed","sticky":false,"template":"","format":"standard","meta":{"footnotes":""},"categories":[38,177],"tags":[98,983,581],"featured_image_thumbnail_url":"https:\/\/fg.ull.es\/noticias\/wp-content\/uploads\/sites\/2\/2019\/10\/Pantalla2019_SOALcompri-300x169.jpg","_links":{"self":[{"href":"https:\/\/fg.ull.es\/noticias\/wp-json\/wp\/v2\/posts\/43153"}],"collection":[{"href":"https:\/\/fg.ull.es\/noticias\/wp-json\/wp\/v2\/posts"}],"about":[{"href":"https:\/\/fg.ull.es\/noticias\/wp-json\/wp\/v2\/types\/post"}],"author":[{"embeddable":true,"href":"https:\/\/fg.ull.es\/noticias\/wp-json\/wp\/v2\/users\/28"}],"replies":[{"embeddable":true,"href":"https:\/\/fg.ull.es\/noticias\/wp-json\/wp\/v2\/comments?post=43153"}],"version-history":[{"count":4,"href":"https:\/\/fg.ull.es\/noticias\/wp-json\/wp\/v2\/posts\/43153\/revisions"}],"predecessor-version":[{"id":43168,"href":"https:\/\/fg.ull.es\/noticias\/wp-json\/wp\/v2\/posts\/43153\/revisions\/43168"}],"wp:featuredmedia":[{"embeddable":true,"href":"https:\/\/fg.ull.es\/noticias\/wp-json\/wp\/v2\/media\/43155"}],"wp:attachment":[{"href":"https:\/\/fg.ull.es\/noticias\/wp-json\/wp\/v2\/media?parent=43153"}],"wp:term":[{"taxonomy":"category","embeddable":true,"href":"https:\/\/fg.ull.es\/noticias\/wp-json\/wp\/v2\/categories?post=43153"},{"taxonomy":"post_tag","embeddable":true,"href":"https:\/\/fg.ull.es\/noticias\/wp-json\/wp\/v2\/tags?post=43153"}],"curies":[{"name":"wp","href":"https:\/\/api.w.org\/{rel}","templated":true}]}}