{"id":43114,"date":"2019-10-01T12:35:47","date_gmt":"2019-10-01T11:35:47","guid":{"rendered":"https:\/\/fg.ull.es\/noticias\/?p=43114"},"modified":"2020-01-22T09:19:42","modified_gmt":"2020-01-22T09:19:42","slug":"da-comienzo-el-curso-arona-business-express-en-el-municipio-de-arona","status":"publish","type":"post","link":"https:\/\/fg.ull.es\/noticias\/2019\/10\/01\/da-comienzo-el-curso-arona-business-express-en-el-municipio-de-arona\/","title":{"rendered":"Da comienzo el curso presencial Arona Business Express en el municipio de Arona"},"content":{"rendered":"<section class=\"wpb-content-wrapper\"><p>[vc_row][vc_column][vc_column_text]<\/p>\n<h3>Estas jornadas centradas en emprendimiento y marketing tendr\u00e1n lugar desde el 30 de septiembre hasta el 4 de octubre en el Centro Empresarial de Arona, situado en Las Galletas.<\/h3>\n<p>Emprende.ull, servicio gratuito de asesoramiento y consolidaci\u00f3n de la Fundaci\u00f3n General de la Universidad de La Laguna, ha puesto en marcha, en la tarde de ayer, la segunda edici\u00f3n del curso formativo \u201cArona Business Express\u201d, una innovadora forma para desarrollar la metodolog\u00eda Star y poner en marcha iniciativas empresariales emprendedoras. A la presentaci\u00f3n oficial acudi\u00f3 D\u00e1cil Le\u00f3n, concejala de Promoci\u00f3n Econ\u00f3mica de Arona.<\/p>\n<p>Del lunes 30 de septiembre al 4 de octubre se impartir\u00e1 esta formaci\u00f3n orientada a emprendedoras y emprendedores del municipio de Arona en el Centro Empresarial de Arona, situado en Las Galletas, y, en segunda instancia, en el Centro Cultural de Los Cristianos. Este curso es de car\u00e1cter gratuito y ofrece una formaci\u00f3n completa de 25 horas de duraci\u00f3n. Se est\u00e1 impartiendo en horario de tarde y est\u00e1 estructurado en un total de cinco m\u00f3dulos: idea y modelo de negocio; clientes y mercado; financiaci\u00f3n y viabilidad; marketing y comunicaci\u00f3n y, para finalizar, una jornada de validaci\u00f3n y testeo de los productos y servicios de las personas asistentes al Arona Business Express II.<\/p>\n<p>El equipo docente est\u00e1 formado por <strong>Samuel Reyes<\/strong>, coordinador de la Unidad de Emprendimiento, y <strong>Montsant Cabrera Argany<\/strong>, t\u00e9cnica de emprendimiento de Emprende.ull.<\/p>\n<p>Entre los objetivos de este curso se encuentra el desarrollo del m\u00e9todo STAR, centrado en una forma de estudiar todos los apartados del m\u00e9todo Lean de una forma innovadora. Por otro lado, los asistentes tendr\u00e1n la oportunidad de testear y validar los prototipos con negocios en activo, de forma que podr\u00e1n desarrollar distintos proyectos emprendedores.<\/p>\n<p>Esta formaci\u00f3n se imparte en una modalidad semipresencial, organizado en cinco d\u00edas de sesiones presenciales en las que se dar\u00e1n a conocer los contenidos claves, y una parte online donde el alumnado tendr\u00e1 que realizar actividades y cuestionarios en l\u00ednea. Para ello, tendr\u00e1n todos los recursos y materiales necesarios disponibles en el campus virtual de la propia Fundaci\u00f3n General universitaria.[\/vc_column_text][\/vc_column][\/vc_row]<\/p>\n<\/section>","protected":false},"excerpt":{"rendered":"<p>[vc_row][vc_column][vc_column_text] Estas jornadas centradas en emprendimiento y marketing tendr\u00e1n lugar desde el 30 de septiembre hasta el 4 de octubre en el Centro Empresarial de Arona, situado en Las Galletas. Emprende.ull, servicio gratuito de asesoramiento y consolidaci\u00f3n de la Fundaci\u00f3n General de la Universidad de La Laguna, ha puesto en marcha, en la tarde de&#8230;<\/p>\n","protected":false},"author":10,"featured_media":43115,"comment_status":"closed","ping_status":"closed","sticky":false,"template":"","format":"standard","meta":{"footnotes":""},"categories":[278],"tags":[202,1020,92],"featured_image_thumbnail_url":"https:\/\/fg.ull.es\/noticias\/wp-content\/uploads\/sites\/2\/2019\/10\/foto-para-nwrrss-300x225.jpeg","_links":{"self":[{"href":"https:\/\/fg.ull.es\/noticias\/wp-json\/wp\/v2\/posts\/43114"}],"collection":[{"href":"https:\/\/fg.ull.es\/noticias\/wp-json\/wp\/v2\/posts"}],"about":[{"href":"https:\/\/fg.ull.es\/noticias\/wp-json\/wp\/v2\/types\/post"}],"author":[{"embeddable":true,"href":"https:\/\/fg.ull.es\/noticias\/wp-json\/wp\/v2\/users\/10"}],"replies":[{"embeddable":true,"href":"https:\/\/fg.ull.es\/noticias\/wp-json\/wp\/v2\/comments?post=43114"}],"version-history":[{"count":7,"href":"https:\/\/fg.ull.es\/noticias\/wp-json\/wp\/v2\/posts\/43114\/revisions"}],"predecessor-version":[{"id":43122,"href":"https:\/\/fg.ull.es\/noticias\/wp-json\/wp\/v2\/posts\/43114\/revisions\/43122"}],"wp:featuredmedia":[{"embeddable":true,"href":"https:\/\/fg.ull.es\/noticias\/wp-json\/wp\/v2\/media\/43115"}],"wp:attachment":[{"href":"https:\/\/fg.ull.es\/noticias\/wp-json\/wp\/v2\/media?parent=43114"}],"wp:term":[{"taxonomy":"category","embeddable":true,"href":"https:\/\/fg.ull.es\/noticias\/wp-json\/wp\/v2\/categories?post=43114"},{"taxonomy":"post_tag","embeddable":true,"href":"https:\/\/fg.ull.es\/noticias\/wp-json\/wp\/v2\/tags?post=43114"}],"curies":[{"name":"wp","href":"https:\/\/api.w.org\/{rel}","templated":true}]}}