{"id":42857,"date":"2019-09-05T11:56:45","date_gmt":"2019-09-05T10:56:45","guid":{"rendered":"https:\/\/fg.ull.es\/noticias\/?p=42857"},"modified":"2020-01-23T08:56:02","modified_gmt":"2020-01-23T08:56:02","slug":"comunidades-religiosas-de-diversas-confesiones-comparten-un-espacio-de-encuentro-y-acercamiento-en-el-vii-rezo-interreligioso-por-la-paz-el-respeto-y-la-convivencia","status":"publish","type":"post","link":"https:\/\/fg.ull.es\/noticias\/2019\/09\/05\/comunidades-religiosas-de-diversas-confesiones-comparten-un-espacio-de-encuentro-y-acercamiento-en-el-vii-rezo-interreligioso-por-la-paz-el-respeto-y-la-convivencia\/","title":{"rendered":"Comunidades religiosas de diversas confesiones comparten un espacio de encuentro y acercamiento en el \u2018VII Rezo Interreligioso por la Paz, el Respeto y la Convivencia\u2019"},"content":{"rendered":"<section class=\"wpb-content-wrapper\"><p>[vc_row][vc_column][vc_column_text]<\/p>\n<h3>Representantes y seguidores de una decena de comunidades religiosas se dan cita este s\u00e1bado 7 de septiembre en una nueva edici\u00f3n de un encuentro interreligioso que ha sido destacado por el Consejo de Europa y que este a\u00f1o pretende estrechar lazos entre comunidades y mostrar que lo que une a las personas, independientemente de su cultura o creencias, es m\u00e1s que lo que las diferencia<\/h3>\n<p>La s\u00e9ptima edici\u00f3n del \u2018Rezo Interreligioso por la Paz, el Respeto y la Convivencia\u2019, que se celebra este s\u00e1bado 7 de septiembre en la Plaza de la Iglesia de El Fraile (Arona), en horario de tarde, entre las 16:00 y las 20:00 horas, ofrece como cada a\u00f1o un ejemplo simb\u00f3lico y llamativo de que la convivencia, el entendimiento y la colaboraci\u00f3n entre diferentes confesiones y comunidades religiosas no solo es posible, sino que es beneficioso para el desarrollo y crecimiento comunitario en territorios con un importante grado de diversidad cultural como la isla de Tenerife.<\/p>\n<p>El \u2018Rezo Interreligioso por la Paz, el Respeto y la Convivencia\u2019 es un encuentro organizado por el Grupo de Di\u00e1logo Interreligioso, vinculado a la iniciativa Juntos En la misma direcci\u00f3n, impulsada por el Cabildo de Tenerife y la Universidad de La Laguna a trav\u00e9s del Observatorio de la Inmigraci\u00f3n de Tenerife. Esta actividad se organiza conjuntamente con el Ayuntamiento de Arona y las diferentes comunidades religiosas locales participantes en esta actividad. Este a\u00f1o tomar\u00e1n parte en el encuentro la Comunidad Hare Krishna; la Comunidad Musulmana; la Comunidad Cat\u00f3lica; la Comunidad Bah\u00e1\u2019\u00ed; la Comunidad Hind\u00fa Tenerife Sur; el Centro de Estudios Budistas Ghe Pel Ling Canarias; la Comunidad Dzogchen Internacional Dzamling Gar y Adidam.<\/p>\n<p>En la edici\u00f3n de este a\u00f1o, el Rezo Interreligioso busca avanzar en el acercamiento entre las diferentes confesiones, creencias y comunidades religiosas. El Grupo de Di\u00e1logo Interreligioso, impulsor y organizador de esta actividad, decidi\u00f3 tomarse un largo proceso de reflexi\u00f3n para buscar una mayor implicaci\u00f3n de las comunidades religiosas en el proceso y en el propio Rezo, estrechando lazos y alcanzando un verdadero encuentro interreligioso.<br \/>\nPara la consejera del \u00c1rea de Empleo, Desarrollo socioecon\u00f3mico y Acci\u00f3n Exterior del Cabildo de Tenerife, Carmen Luz Baso, se trata de una actividad de gran valor \u201cpor el impacto y simbolismo que tiene, no solo por la continuidad que ha aportado al dar visibilidad a las distintas religiones presentes en la isla durante siete ediciones, sino tambi\u00e9n por la capacidad que ha tenido durante todo este tiempo de hacer de este encuentro una celebraci\u00f3n de la diversidad religiosa, aportando siempre alguna novedad en su programaci\u00f3n\u201d.<\/p>\n<p>De este modo, la s\u00e9ptima edici\u00f3n del Rezo Interreligioso volver\u00e1 a contar con carpas informativas de las diferentes comunidades religiosas participantes, en las que se buscar\u00e1 mayor interacci\u00f3n y encuentro y, adem\u00e1s, tendr\u00e1 como novedad la realizaci\u00f3n de talleres para las personas asistentes con cuentacuentos de las diferentes religiones y elaboraci\u00f3n de cuencos. Asimismo, habr\u00e1 una actuaci\u00f3n musical del Coro Gospel Shine Voices y una merienda comunitaria.<\/p>\n<p>Como en cada edici\u00f3n realizada desde el a\u00f1o 2013, las diferentes comunidades religiosas tendr\u00e1n espacio para compartir oraciones, danzas y manifestaciones religiosas de sus creencias y el encuentro se cerrar\u00e1 con la lectura final del Manifiesto Conjunto por la Paz, elaborado en un proceso en el que han participado las distintas comunidades religiosas y que este a\u00f1o ha contado tambi\u00e9n con la colaboraci\u00f3n de las ni\u00f1as y ni\u00f1os del Colegio de El Fraile, que han realizado un mural de la paz que se expondr\u00e1 en el encuentro.<\/p>\n<p>Una de las personas que forma parte del Grupo de Di\u00e1logo Interreligioso y ha tomado parte en este proceso, Herminia Cabrera, participante por la comunidad cristiana, destaca que \u201cen la edici\u00f3n de este a\u00f1o queremos que haya m\u00e1s interacci\u00f3n entre las diferentes comunidades religiosas, m\u00e1s contacto, m\u00e1s participaci\u00f3n y que destaquemos todo eso que nos une por encima de lo que nos diferencia\u201d. Cabrera destaca de este Rezo Interreligioso \u201cla armon\u00eda que se respira en el encuentro. Es un evento muy especial y en el que se percibe que todos somos seres humanos y estamos unidos, por encima de nuestras religiones y nuestras diferencias\u201d.<\/p>\n<p>En este sentido, la consejera tambi\u00e9n ha querido referirse a \u201cla generaci\u00f3n de convivencia intercultural que aporta el Rezo Interreligioso\u201d como parte fundamental de este encuentro, en el que \u201clos elementos de uni\u00f3n que se aprecian entre las distintas comunidades est\u00e1n muy por encima de las diferencias entre creencias\u201d.<\/p>\n<p>Por su parte, la rectora de la Universidad de La Laguna, Rosa Aguilar Chinea, reconoce \u201cel enorme valor simb\u00f3lico que tiene esta iniciativa, al ser fruto del trabajo comunitario que se viene realizando en El Fraile desde hace pr\u00e1cticamente una d\u00e9cada, y en el que, la Universidad ha logrado poner al servicio de sus diversos protagonistas nuestro capital de conocimiento y experiencia\u201d. La rectora asimismo valora de manera muy positiva \u201cla alianza que se ha consolidado entre Universidad, Cabildo Insular, Ayuntamiento de Arona, tejido asociativo local y comunidades religiosas, para avanzar hacia nuevas formas de entender la convivencia social en nuestros barrios, lo que ha logrado incluso su reconocimiento internacional\u201d.<\/p>\n<p>El \u2018Rezo Interreligioso por la Paz, el Respeto y la Convivencia\u2019 se celebr\u00f3 por primera vez en El Fraile en 2013 ha sido destacado en a\u00f1os anteriores por entidades como el Consejo de Europa o la Comunidad Isl\u00e1mica de Espa\u00f1a, atendiendo a su sentido de acto simb\u00f3lico de respeto entre comunidades, intercambio entre culturas y convivencia en una sociedad diversa. Asimismo, a finales de 2015, este evento y las entidades que lo organizan fueron distinguidas con el Reconocimiento OBITen por su labor y su ejemplo \u201cen una \u00e9poca enormemente convulsa, en la que es fundamental encontrar experiencias que fructifiquen en el sentido de conjugar la diversidad existente\u201d, tal y como reconoc\u00eda el texto de esta distinci\u00f3n.[\/vc_column_text][\/vc_column][\/vc_row]<\/p>\n<\/section>","protected":false},"excerpt":{"rendered":"<p>[vc_row][vc_column][vc_column_text] Representantes y seguidores de una decena de comunidades religiosas se dan cita este s\u00e1bado 7 de septiembre en una nueva edici\u00f3n de un encuentro interreligioso que ha sido destacado por el Consejo de Europa y que este a\u00f1o pretende estrechar lazos entre comunidades y mostrar que lo que une a las personas, independientemente de&#8230;<\/p>\n","protected":false},"author":28,"featured_media":42859,"comment_status":"closed","ping_status":"closed","sticky":false,"template":"","format":"standard","meta":{"footnotes":""},"categories":[177,4],"tags":[],"featured_image_thumbnail_url":"https:\/\/fg.ull.es\/noticias\/wp-content\/uploads\/sites\/2\/2019\/09\/VI-Rezo-Intercultural-21-Copy-300x200.jpg","_links":{"self":[{"href":"https:\/\/fg.ull.es\/noticias\/wp-json\/wp\/v2\/posts\/42857"}],"collection":[{"href":"https:\/\/fg.ull.es\/noticias\/wp-json\/wp\/v2\/posts"}],"about":[{"href":"https:\/\/fg.ull.es\/noticias\/wp-json\/wp\/v2\/types\/post"}],"author":[{"embeddable":true,"href":"https:\/\/fg.ull.es\/noticias\/wp-json\/wp\/v2\/users\/28"}],"replies":[{"embeddable":true,"href":"https:\/\/fg.ull.es\/noticias\/wp-json\/wp\/v2\/comments?post=42857"}],"version-history":[{"count":1,"href":"https:\/\/fg.ull.es\/noticias\/wp-json\/wp\/v2\/posts\/42857\/revisions"}],"predecessor-version":[{"id":42858,"href":"https:\/\/fg.ull.es\/noticias\/wp-json\/wp\/v2\/posts\/42857\/revisions\/42858"}],"wp:featuredmedia":[{"embeddable":true,"href":"https:\/\/fg.ull.es\/noticias\/wp-json\/wp\/v2\/media\/42859"}],"wp:attachment":[{"href":"https:\/\/fg.ull.es\/noticias\/wp-json\/wp\/v2\/media?parent=42857"}],"wp:term":[{"taxonomy":"category","embeddable":true,"href":"https:\/\/fg.ull.es\/noticias\/wp-json\/wp\/v2\/categories?post=42857"},{"taxonomy":"post_tag","embeddable":true,"href":"https:\/\/fg.ull.es\/noticias\/wp-json\/wp\/v2\/tags?post=42857"}],"curies":[{"name":"wp","href":"https:\/\/api.w.org\/{rel}","templated":true}]}}