{"id":42676,"date":"2019-07-31T10:20:16","date_gmt":"2019-07-31T09:20:16","guid":{"rendered":"https:\/\/fg.ull.es\/noticias\/?p=42676"},"modified":"2019-07-31T10:36:13","modified_gmt":"2019-07-31T09:36:13","slug":"convocatoria-de-seleccion-de-personal-para-participar-en-el-servicio-consistente-en-seguimiento-de-especies-y-habitats-indicadores-de-cambio-climatico-a-largo-plazo-en-el-archipielago-canario-201","status":"publish","type":"post","link":"https:\/\/fg.ull.es\/noticias\/2019\/07\/31\/convocatoria-de-seleccion-de-personal-para-participar-en-el-servicio-consistente-en-seguimiento-de-especies-y-habitats-indicadores-de-cambio-climatico-a-largo-plazo-en-el-archipielago-canario-201\/","title":{"rendered":"Convocatoria de selecci\u00f3n de personal para participar en el servicio consistente en &#8220;Seguimiento de especies y h\u00e1bitats indicadores de cambio clim\u00e1tico a largo plazo en el archipi\u00e9lago canario&#8221; (2019BDE023\/2019BDE024\/2019BDE025\/2019BDE026)"},"content":{"rendered":"<section class=\"wpb-content-wrapper\"><p>[vc_row][vc_column][vc_column_text]<\/p>\n<h4>El periodo de inscripci\u00f3n se inici\u00f3 el\u00a0d\u00eda 30\/07\/2019 y finaliza el pr\u00f3ximo 06\/08\/2019. Las personas interesadas\u00a0en participar en el proceso de selecci\u00f3n deben presentar su candidatura a trav\u00e9s del Servicio Canario de Empleo (SCE).<\/h4>\n<p>El proyecto financiado por la Consejer\u00eda de Pol\u00edtica Territorial, Sostenibilidad y Seguridad del Gobierno de Canarias y cofinanciado por el Programa Operativo FEDER Canarias (2014-2020), tiene como objeto el seguimiento de especies indicadoras de cambio clim\u00e1tico a largo plazo en el archipi\u00e9lago canario, as\u00ed como los h\u00e1bitats y comunidades bent\u00f3nicas, con el fin de tomar decisiones de mitigar los efectos del cambio clim\u00e1tico y conocer la capacidad de resiliencia de las zonas protegidas ante el cambio clim\u00e1tico.<\/p>\n<p>Para la inscripci\u00f3n es totalmente necesario el cumplimiento de los requisitos expuestos en el perfil singular de la convocatoria que se presentan a continuaci\u00f3n:[\/vc_column_text][vc_empty_space][\/vc_column][\/vc_row][vc_row][vc_column width=&#8221;1\/2&#8243;][vc_column_text]<\/p>\n<h4>Perfil singular BI\u00d3LOGO\/A EXPERTO\/A MACROALGAS &#8211; 2019BDE023<\/h4>\n<p>[\/vc_column_text][\/vc_column][vc_column width=&#8221;1\/2&#8243;][vc_btn title=&#8221;Descargar Perfil Singular&#8221; style=&#8221;custom&#8221; custom_background=&#8221;#c2185b&#8221; custom_text=&#8221;#ffffff&#8221; shape=&#8221;square&#8221; align=&#8221;center&#8221; i_align=&#8221;right&#8221; i_icon_fontawesome=&#8221;fa fa-file-pdf-o&#8221; button_block=&#8221;true&#8221; add_icon=&#8221;true&#8221; link=&#8221;url:https%3A%2F%2Fdrive.google.com%2Ffile%2Fd%2F1qubNgDxPn-QQyTpBYekhx06rUlCZI3Bo%2Fview||target:%20_blank|&#8221;][\/vc_column][\/vc_row][vc_row][vc_column width=&#8221;1\/2&#8243;][vc_column_text]<\/p>\n<h4>Perfil singular DOCTOR\/A ECOLOG\u00cdA VEGETAL MARINA &#8211; 2019BDE024<\/h4>\n<p>[\/vc_column_text][\/vc_column][vc_column width=&#8221;1\/2&#8243;][vc_btn title=&#8221;Descargar Perfil Singular&#8221; style=&#8221;custom&#8221; custom_background=&#8221;#c2185b&#8221; custom_text=&#8221;#ffffff&#8221; shape=&#8221;square&#8221; align=&#8221;center&#8221; i_align=&#8221;right&#8221; i_icon_fontawesome=&#8221;fa fa-file-pdf-o&#8221; button_block=&#8221;true&#8221; add_icon=&#8221;true&#8221; link=&#8221;url:https%3A%2F%2Fdrive.google.com%2Ffile%2Fd%2F1B0OlxaFAvlWkuFv86IsrjStWogKHLT16%2Fview||target:%20_blank|&#8221;][\/vc_column][\/vc_row][vc_row][vc_column width=&#8221;1\/2&#8243;][vc_column_text]<\/p>\n<h4>Perfil singular BI\u00d3LOGO\/A COMUNIDADES ICTICAS &#8211; 2019BDE025<\/h4>\n<p>[\/vc_column_text][\/vc_column][vc_column width=&#8221;1\/2&#8243;][vc_btn title=&#8221;Descargar Perfil Singular&#8221; style=&#8221;custom&#8221; custom_background=&#8221;#c2185b&#8221; custom_text=&#8221;#ffffff&#8221; shape=&#8221;square&#8221; align=&#8221;center&#8221; i_align=&#8221;right&#8221; i_icon_fontawesome=&#8221;fa fa-file-pdf-o&#8221; button_block=&#8221;true&#8221; add_icon=&#8221;true&#8221; link=&#8221;url:https%3A%2F%2Fdrive.google.com%2Ffile%2Fd%2F1qi-I-g5jR6rTB9KkS0yecm0jeX1KfiUl%2Fview||target:%20_blank|&#8221;][\/vc_column][\/vc_row][vc_row][vc_column width=&#8221;1\/2&#8243;][vc_column_text]<\/p>\n<h4>Perfil singular BI\u00d3LOGO\/A CON EXPERIENCIA EN RESERVAS MARINAS &#8211; 2019BDE026<\/h4>\n<p>[\/vc_column_text][\/vc_column][vc_column width=&#8221;1\/2&#8243;][vc_btn title=&#8221;Descargar Perfil Singular&#8221; style=&#8221;custom&#8221; custom_background=&#8221;#c2185b&#8221; custom_text=&#8221;#ffffff&#8221; shape=&#8221;square&#8221; align=&#8221;center&#8221; i_align=&#8221;right&#8221; i_icon_fontawesome=&#8221;fa fa-file-pdf-o&#8221; button_block=&#8221;true&#8221; add_icon=&#8221;true&#8221; link=&#8221;url:https%3A%2F%2Fdrive.google.com%2Ffile%2Fd%2F1cuVsF_PemcBzSpl6X6HExjVP1SRW5358%2Fview||target:%20_blank|&#8221;][\/vc_column][\/vc_row][vc_row][vc_column][vc_separator][\/vc_column][\/vc_row][vc_row][vc_column width=&#8221;1\/2&#8243;][vc_column_text]<\/p>\n<h4><strong>Inscripci\u00f3n en la sede electr\u00f3nica BI\u00d3LOGO\/A EXPERTO\/A MACROALGAS &#8211; 2019BDE023<br \/>\n<\/strong><\/h4>\n<p>[\/vc_column_text][\/vc_column][vc_column width=&#8221;1\/2&#8243;][vc_btn title=&#8221;Inscripci\u00f3n aqu\u00ed &#8221; style=&#8221;custom&#8221; custom_background=&#8221;#da8a00&#8243; custom_text=&#8221;#ffffff&#8221; shape=&#8221;square&#8221; size=&#8221;lg&#8221; align=&#8221;center&#8221; i_align=&#8221;right&#8221; i_icon_fontawesome=&#8221;fa fa-plus-circle&#8221; button_block=&#8221;true&#8221; add_icon=&#8221;true&#8221; link=&#8221;url:http%3A%2F%2Fwww3.gobiernodecanarias.org%2Fempleo%2Fportal%2Fweb%2Fsce%2Fservicios%2Fofertas%2Fofertas_empleo%2F05.2019.007019||target:%20_blank|&#8221;][\/vc_column][\/vc_row][vc_row][vc_column width=&#8221;1\/2&#8243;][vc_column_text]<\/p>\n<h4><strong>Inscripci\u00f3n en la sede electr\u00f3nica DOCTOR\/A ECOLOG\u00cdA VEGETAL MARINA &#8211; 2019BDE024<br \/>\n<\/strong><\/h4>\n<p>[\/vc_column_text][\/vc_column][vc_column width=&#8221;1\/2&#8243;][vc_btn title=&#8221;Inscripci\u00f3n aqu\u00ed &#8221; style=&#8221;custom&#8221; custom_background=&#8221;#da8a00&#8243; custom_text=&#8221;#ffffff&#8221; shape=&#8221;square&#8221; size=&#8221;lg&#8221; align=&#8221;center&#8221; i_align=&#8221;right&#8221; i_icon_fontawesome=&#8221;fa fa-plus-circle&#8221; button_block=&#8221;true&#8221; add_icon=&#8221;true&#8221; link=&#8221;url:http%3A%2F%2Fwww3.gobiernodecanarias.org%2Fempleo%2Fportal%2Fweb%2Fsce%2Fservicios%2Fofertas%2Fofertas_empleo%2F05.2019.007026||target:%20_blank|&#8221;][\/vc_column][\/vc_row][vc_row][vc_column width=&#8221;1\/2&#8243;][vc_column_text]<\/p>\n<h4><strong>Inscripci\u00f3n en la sede electr\u00f3nica BI\u00d3LOGO\/A COMUNIDADES ICTICAS &#8211; 2019BDE025<br \/>\n<\/strong><\/h4>\n<p>[\/vc_column_text][\/vc_column][vc_column width=&#8221;1\/2&#8243;][vc_btn title=&#8221;Inscripci\u00f3n aqu\u00ed &#8221; style=&#8221;custom&#8221; custom_background=&#8221;#da8a00&#8243; custom_text=&#8221;#ffffff&#8221; shape=&#8221;square&#8221; size=&#8221;lg&#8221; align=&#8221;center&#8221; i_align=&#8221;right&#8221; i_icon_fontawesome=&#8221;fa fa-plus-circle&#8221; button_block=&#8221;true&#8221; add_icon=&#8221;true&#8221; link=&#8221;url:http%3A%2F%2Fwww3.gobiernodecanarias.org%2Fempleo%2Fportal%2Fweb%2Fsce%2Fservicios%2Fofertas%2Fofertas_empleo%2F05.2019.007022||target:%20_blank|&#8221;][\/vc_column][\/vc_row][vc_row][vc_column width=&#8221;1\/2&#8243;][vc_column_text]<\/p>\n<h4><strong>Inscripci\u00f3n en la sede electr\u00f3nica BI\u00d3LOGO\/A CON EXPERIENCIA EN RESERVAS MARINAS &#8211; 2019BDE026<br \/>\n<\/strong><\/h4>\n<p>[\/vc_column_text][\/vc_column][vc_column width=&#8221;1\/2&#8243;][vc_btn title=&#8221;Inscripci\u00f3n aqu\u00ed &#8221; style=&#8221;custom&#8221; custom_background=&#8221;#da8a00&#8243; custom_text=&#8221;#ffffff&#8221; shape=&#8221;square&#8221; size=&#8221;lg&#8221; align=&#8221;center&#8221; i_align=&#8221;right&#8221; i_icon_fontawesome=&#8221;fa fa-plus-circle&#8221; button_block=&#8221;true&#8221; add_icon=&#8221;true&#8221; link=&#8221;url:http%3A%2F%2Fwww3.gobiernodecanarias.org%2Fempleo%2Fportal%2Fweb%2Fsce%2Fservicios%2Fofertas%2Fofertas_empleo%2F05.2019.007028||target:%20_blank|&#8221;][\/vc_column][\/vc_row]<\/p>\n<\/section>","protected":false},"excerpt":{"rendered":"<p>[vc_row][vc_column][vc_column_text] El periodo de inscripci\u00f3n se inici\u00f3 el\u00a0d\u00eda 30\/07\/2019 y finaliza el pr\u00f3ximo 06\/08\/2019. Las personas interesadas\u00a0en participar en el proceso de selecci\u00f3n deben presentar su candidatura a trav\u00e9s del Servicio Canario de Empleo (SCE). El proyecto financiado por la Consejer\u00eda de Pol\u00edtica Territorial, Sostenibilidad y Seguridad del Gobierno de Canarias y cofinanciado por el&#8230;<\/p>\n","protected":false},"author":25,"featured_media":0,"comment_status":"closed","ping_status":"closed","sticky":false,"template":"","format":"standard","meta":{"footnotes":""},"categories":[52,232],"tags":[],"featured_image_thumbnail_url":null,"_links":{"self":[{"href":"https:\/\/fg.ull.es\/noticias\/wp-json\/wp\/v2\/posts\/42676"}],"collection":[{"href":"https:\/\/fg.ull.es\/noticias\/wp-json\/wp\/v2\/posts"}],"about":[{"href":"https:\/\/fg.ull.es\/noticias\/wp-json\/wp\/v2\/types\/post"}],"author":[{"embeddable":true,"href":"https:\/\/fg.ull.es\/noticias\/wp-json\/wp\/v2\/users\/25"}],"replies":[{"embeddable":true,"href":"https:\/\/fg.ull.es\/noticias\/wp-json\/wp\/v2\/comments?post=42676"}],"version-history":[{"count":4,"href":"https:\/\/fg.ull.es\/noticias\/wp-json\/wp\/v2\/posts\/42676\/revisions"}],"predecessor-version":[{"id":43202,"href":"https:\/\/fg.ull.es\/noticias\/wp-json\/wp\/v2\/posts\/42676\/revisions\/43202"}],"wp:attachment":[{"href":"https:\/\/fg.ull.es\/noticias\/wp-json\/wp\/v2\/media?parent=42676"}],"wp:term":[{"taxonomy":"category","embeddable":true,"href":"https:\/\/fg.ull.es\/noticias\/wp-json\/wp\/v2\/categories?post=42676"},{"taxonomy":"post_tag","embeddable":true,"href":"https:\/\/fg.ull.es\/noticias\/wp-json\/wp\/v2\/tags?post=42676"}],"curies":[{"name":"wp","href":"https:\/\/api.w.org\/{rel}","templated":true}]}}