{"id":42540,"date":"2019-07-15T12:14:56","date_gmt":"2019-07-15T11:14:56","guid":{"rendered":"https:\/\/fg.ull.es\/noticias\/?p=42540"},"modified":"2019-07-15T12:16:26","modified_gmt":"2019-07-15T11:16:26","slug":"correccion-de-error-material-en-la-convocatoria-de-seleccion-de-personal-para-conformar-una-bolsa-de-empleo-para-el-desarrollo-de-actividades-de-promocion-y-gestion-administrativa-y-economica-de-proye","status":"publish","type":"post","link":"https:\/\/fg.ull.es\/noticias\/2019\/07\/15\/correccion-de-error-material-en-la-convocatoria-de-seleccion-de-personal-para-conformar-una-bolsa-de-empleo-para-el-desarrollo-de-actividades-de-promocion-y-gestion-administrativa-y-economica-de-proye\/","title":{"rendered":"Correcci\u00f3n de error material en la convocatoria de selecci\u00f3n de personal para conformar una bolsa de empleo para el desarrollo de actividades de promoci\u00f3n y gesti\u00f3n administrativa y econ\u00f3mica de proyectos internacionales (2019BDE020)"},"content":{"rendered":"<p><strong>Correcci\u00f3n de error material detectado en el perfil singular convocatoria de selecci\u00f3n de personal para conformar una bolsa de empleo para el desarrollo de actividades de promoci\u00f3n y gesti\u00f3n administrativa y econ\u00f3mica de proyectos internacionales (2019BDE020).<\/strong><\/p>\n<p>Detectado error material en el perfil singular de la convocatoria de selecci\u00f3n de personal para conformar una bolsa de empleo para el desarrollo de actividades de promoci\u00f3n y gesti\u00f3n administrativa y econ\u00f3mica de proyectos internacionales (2019BDE020), se procede a publicar los siguientes cambios:<\/p>\n<p>Donde dice en el m\u00e9rito M2.1: &gt;36<br \/>\nDebe decir en el m\u00e9rito M2.1: &gt; 30<\/p>\n","protected":false},"excerpt":{"rendered":"<p>Correcci\u00f3n de error material detectado en el perfil singular convocatoria de selecci\u00f3n de personal para conformar una bolsa de empleo para el desarrollo de actividades de promoci\u00f3n y gesti\u00f3n administrativa y econ\u00f3mica de proyectos internacionales (2019BDE020). Detectado error material en el perfil singular de la convocatoria de selecci\u00f3n de personal para conformar una bolsa de&#8230;<\/p>\n","protected":false},"author":25,"featured_media":0,"comment_status":"closed","ping_status":"closed","sticky":false,"template":"","format":"standard","meta":{"footnotes":""},"categories":[232],"tags":[],"featured_image_thumbnail_url":null,"_links":{"self":[{"href":"https:\/\/fg.ull.es\/noticias\/wp-json\/wp\/v2\/posts\/42540"}],"collection":[{"href":"https:\/\/fg.ull.es\/noticias\/wp-json\/wp\/v2\/posts"}],"about":[{"href":"https:\/\/fg.ull.es\/noticias\/wp-json\/wp\/v2\/types\/post"}],"author":[{"embeddable":true,"href":"https:\/\/fg.ull.es\/noticias\/wp-json\/wp\/v2\/users\/25"}],"replies":[{"embeddable":true,"href":"https:\/\/fg.ull.es\/noticias\/wp-json\/wp\/v2\/comments?post=42540"}],"version-history":[{"count":2,"href":"https:\/\/fg.ull.es\/noticias\/wp-json\/wp\/v2\/posts\/42540\/revisions"}],"predecessor-version":[{"id":42542,"href":"https:\/\/fg.ull.es\/noticias\/wp-json\/wp\/v2\/posts\/42540\/revisions\/42542"}],"wp:attachment":[{"href":"https:\/\/fg.ull.es\/noticias\/wp-json\/wp\/v2\/media?parent=42540"}],"wp:term":[{"taxonomy":"category","embeddable":true,"href":"https:\/\/fg.ull.es\/noticias\/wp-json\/wp\/v2\/categories?post=42540"},{"taxonomy":"post_tag","embeddable":true,"href":"https:\/\/fg.ull.es\/noticias\/wp-json\/wp\/v2\/tags?post=42540"}],"curies":[{"name":"wp","href":"https:\/\/api.w.org\/{rel}","templated":true}]}}