{"id":42522,"date":"2019-07-15T08:00:11","date_gmt":"2019-07-15T07:00:11","guid":{"rendered":"https:\/\/fg.ull.es\/noticias\/?p=42522"},"modified":"2019-07-12T09:20:46","modified_gmt":"2019-07-12T08:20:46","slug":"segundo-listado-definitivo-de-la-convocatoria-de-seleccion-de-personal-para-participar-en-actuaciones-dentro-del-marco-de-las-ayudas-para-la-promocion-de-empleo-joven-e-implantacion-de-la-gar","status":"publish","type":"post","link":"https:\/\/fg.ull.es\/noticias\/2019\/07\/15\/segundo-listado-definitivo-de-la-convocatoria-de-seleccion-de-personal-para-participar-en-actuaciones-dentro-del-marco-de-las-ayudas-para-la-promocion-de-empleo-joven-e-implantacion-de-la-gar\/","title":{"rendered":"Segundo listado definitivo de la convocatoria de selecci\u00f3n de personal para participar en actuaciones dentro del marco de las \u201cAyudas para la promoci\u00f3n de empleo joven e implantaci\u00f3n de la garant\u00eda juvenil en I+D+i\u201d (2019BDE001\/2019BDE002\/2019BDE003)"},"content":{"rendered":"<section class=\"wpb-content-wrapper\"><p>[vc_row][vc_column][vc_column_text]<\/p>\n<h4>Finalizado el periodo de alegaciones, se procede a publicar el segundo listado definitivo de la convocatoria de selecci\u00f3n de personal para participar en actuaciones dentro del marco de las \u201cAyudas para la promoci\u00f3n de empleo joven e implantaci\u00f3n de la garant\u00eda juvenil en I+D+i\u201d (2019BDE001\/2019BDE002\/2019BDE003).<\/h4>\n<p>El proceso de selecci\u00f3n corresponde a la contrataci\u00f3n de tres t\u00e9cnicos\/as en el marco de las \u201cAyudas para la promoci\u00f3n de empleo joven e implantaci\u00f3n de la garant\u00eda juvenil en I+D+i\u201d:<\/p>\n<ul>\n<li>1 t\u00e9cnico\/a medio II dentro de la actuaci\u00f3n \u201cIgualdad de g\u00e9nero. Experimentando con nuevas soluciones\u201d.<\/li>\n<li>1 t\u00e9cnico\/a medio II dentro de la actuaci\u00f3n \u201cConectando la sociedad con la universidad\u201d.<\/li>\n<li>1 t\u00e9cnico\/a medio II para la \u201cUnidad de Cultura Cient\u00edfica y de la Innovaci\u00f3n\u201d.<\/li>\n<\/ul>\n<p>Para la valoraci\u00f3n de todas y cada una de las candidaturas, y de los futuros procesos, se ha tomado\/tomar\u00e1 como fundamento lo especificado en:[\/vc_column_text][vc_empty_space][\/vc_column][\/vc_row][vc_row][vc_column width=&#8221;1\/2&#8243;][vc_column_text]<\/p>\n<p>Bases generales<\/p>\n<p>[\/vc_column_text][\/vc_column][vc_column width=&#8221;1\/2&#8243;][vc_btn title=&#8221;Descargar Bases Generales&#8221; style=&#8221;custom&#8221; custom_background=&#8221;#c2185b&#8221; custom_text=&#8221;#ffffff&#8221; shape=&#8221;square&#8221; align=&#8221;center&#8221; i_align=&#8221;right&#8221; i_icon_fontawesome=&#8221;fa fa-arrow-circle-o-down&#8221; button_block=&#8221;true&#8221; add_icon=&#8221;true&#8221; link=&#8221;url:https%3A%2F%2Fdrive.google.com%2Ffile%2Fd%2F1v_DD7vKAhVL51LDLzmzrB9jj7baKLzHT%2Fview||target:%20_blank|&#8221;][\/vc_column][\/vc_row][vc_row][vc_column][vc_separator][\/vc_column][\/vc_row][vc_row][vc_column width=&#8221;1\/2&#8243;][vc_column_text]Perfil singular \u201cIGUALDAD DE G\u00c9NERO. EXPERIMENTANDO CON NUEVAS SOLUCIONES\u201d[\/vc_column_text][\/vc_column][vc_column width=&#8221;1\/2&#8243;][vc_btn title=&#8221;Descargar Perfil Singular&#8221; style=&#8221;custom&#8221; custom_background=&#8221;#c2185b&#8221; custom_text=&#8221;#ffffff&#8221; shape=&#8221;square&#8221; align=&#8221;center&#8221; i_align=&#8221;right&#8221; i_icon_fontawesome=&#8221;fa fa-file-pdf-o&#8221; button_block=&#8221;true&#8221; add_icon=&#8221;true&#8221; link=&#8221;url:https%3A%2F%2Fdrive.google.com%2Ffile%2Fd%2F13TmWiLyaRpGTxRndWsrlQwWxAeqJfuef%2Fview||target:%20_blank|&#8221;][\/vc_column][\/vc_row][vc_row][vc_column width=&#8221;1\/2&#8243;][vc_column_text]Perfil singular \u201cCONECTANDO LA SOCIEDAD CON LA UNIVERSIDAD\u201d[\/vc_column_text][\/vc_column][vc_column width=&#8221;1\/2&#8243;][vc_btn title=&#8221;Descargar Perfil Singular&#8221; style=&#8221;custom&#8221; custom_background=&#8221;#c2185b&#8221; custom_text=&#8221;#ffffff&#8221; shape=&#8221;square&#8221; align=&#8221;center&#8221; i_align=&#8221;right&#8221; i_icon_fontawesome=&#8221;fa fa-file-pdf-o&#8221; button_block=&#8221;true&#8221; add_icon=&#8221;true&#8221; link=&#8221;url:https%3A%2F%2Fdrive.google.com%2Ffile%2Fd%2F1MwuWqEaBJLm4BNFaetD__VOxQSSz4zne%2Fview||target:%20_blank|&#8221;][\/vc_column][\/vc_row][vc_row][vc_column width=&#8221;1\/2&#8243;][vc_column_text]Perfil singular Perfil singular \u201cUNIDAD DE CULTURA CIENT\u00cdFICA Y DE LA INNOVACI\u00d3N\u201d[\/vc_column_text][\/vc_column][vc_column width=&#8221;1\/2&#8243;][vc_btn title=&#8221;Descargar Perfil Singular&#8221; style=&#8221;custom&#8221; custom_background=&#8221;#c2185b&#8221; custom_text=&#8221;#ffffff&#8221; shape=&#8221;square&#8221; align=&#8221;center&#8221; i_align=&#8221;right&#8221; i_icon_fontawesome=&#8221;fa fa-file-pdf-o&#8221; button_block=&#8221;true&#8221; add_icon=&#8221;true&#8221; link=&#8221;url:https%3A%2F%2Fdrive.google.com%2Ffile%2Fd%2F1TQSX0L1qW9mjaMsCAEY_1pfdg5gVsKa_%2Fview||target:%20_blank|&#8221;][\/vc_column][\/vc_row][vc_row][vc_column][vc_separator][\/vc_column][\/vc_row][vc_row][vc_column width=&#8221;1\/2&#8243;][vc_column_text]Descargar listado definitivo \u201cIGUALDAD DE G\u00c9NERO. EXPERIMENTANDO CON NUEVAS SOLUCIONES\u201d[\/vc_column_text][\/vc_column][vc_column width=&#8221;1\/2&#8243;][vc_btn title=&#8221;Descargar aqu\u00ed &#8221; style=&#8221;custom&#8221; custom_background=&#8221;#d800a2&#8243; custom_text=&#8221;#ffffff&#8221; shape=&#8221;square&#8221; size=&#8221;lg&#8221; align=&#8221;center&#8221; i_align=&#8221;right&#8221; i_icon_fontawesome=&#8221;fa fa-plus-circle&#8221; button_block=&#8221;true&#8221; add_icon=&#8221;true&#8221; link=&#8221;url:https%3A%2F%2Fdrive.google.com%2Fopen%3Fid%3D1VKvYVQtpe9HayrgIZTWHeeHVwJP4w_Ul||target:%20_blank|&#8221;][\/vc_column][\/vc_row][vc_row][vc_column width=&#8221;1\/2&#8243;][vc_column_text]Descargar listado definitivo \u201cCONECTANDO LA SOCIEDAD CON LA UNIVERSIDAD\u201d[\/vc_column_text][\/vc_column][vc_column width=&#8221;1\/2&#8243;][vc_btn title=&#8221;Descargar aqu\u00ed &#8221; style=&#8221;custom&#8221; custom_background=&#8221;#d800a2&#8243; custom_text=&#8221;#ffffff&#8221; shape=&#8221;square&#8221; size=&#8221;lg&#8221; align=&#8221;center&#8221; i_align=&#8221;right&#8221; i_icon_fontawesome=&#8221;fa fa-plus-circle&#8221; button_block=&#8221;true&#8221; add_icon=&#8221;true&#8221; link=&#8221;url:https%3A%2F%2Fdrive.google.com%2Fopen%3Fid%3D1TYzTdYh1WHRafn9HRWARuyaypwUfVYgC||target:%20_blank|&#8221;][\/vc_column][\/vc_row][vc_row][vc_column width=&#8221;1\/2&#8243;][vc_column_text]Descargar listado definitivo \u201cUNIDAD DE CULTURA CIENT\u00cdFICA Y DE LA INNOVACI\u00d3N\u201d[\/vc_column_text][\/vc_column][vc_column width=&#8221;1\/2&#8243;][vc_btn title=&#8221;Descargar aqu\u00ed &#8221; style=&#8221;custom&#8221; custom_background=&#8221;#d800a2&#8243; custom_text=&#8221;#ffffff&#8221; shape=&#8221;square&#8221; size=&#8221;lg&#8221; align=&#8221;center&#8221; i_align=&#8221;right&#8221; i_icon_fontawesome=&#8221;fa fa-plus-circle&#8221; button_block=&#8221;true&#8221; add_icon=&#8221;true&#8221; link=&#8221;url:https%3A%2F%2Fdrive.google.com%2Fopen%3Fid%3D1gScF-l-bZetMkicrQ_zDZv__JYJxn7Pj||target:%20_blank|&#8221;][\/vc_column][\/vc_row]<\/p>\n<\/section>","protected":false},"excerpt":{"rendered":"<p>[vc_row][vc_column][vc_column_text] Finalizado el periodo de alegaciones, se procede a publicar el segundo listado definitivo de la convocatoria de selecci\u00f3n de personal para participar en actuaciones dentro del marco de las \u201cAyudas para la promoci\u00f3n de empleo joven e implantaci\u00f3n de la garant\u00eda juvenil en I+D+i\u201d (2019BDE001\/2019BDE002\/2019BDE003). El proceso de selecci\u00f3n corresponde a la contrataci\u00f3n de&#8230;<\/p>\n","protected":false},"author":25,"featured_media":0,"comment_status":"closed","ping_status":"closed","sticky":false,"template":"","format":"standard","meta":{"footnotes":""},"categories":[232],"tags":[],"featured_image_thumbnail_url":null,"_links":{"self":[{"href":"https:\/\/fg.ull.es\/noticias\/wp-json\/wp\/v2\/posts\/42522"}],"collection":[{"href":"https:\/\/fg.ull.es\/noticias\/wp-json\/wp\/v2\/posts"}],"about":[{"href":"https:\/\/fg.ull.es\/noticias\/wp-json\/wp\/v2\/types\/post"}],"author":[{"embeddable":true,"href":"https:\/\/fg.ull.es\/noticias\/wp-json\/wp\/v2\/users\/25"}],"replies":[{"embeddable":true,"href":"https:\/\/fg.ull.es\/noticias\/wp-json\/wp\/v2\/comments?post=42522"}],"version-history":[{"count":2,"href":"https:\/\/fg.ull.es\/noticias\/wp-json\/wp\/v2\/posts\/42522\/revisions"}],"predecessor-version":[{"id":42524,"href":"https:\/\/fg.ull.es\/noticias\/wp-json\/wp\/v2\/posts\/42522\/revisions\/42524"}],"wp:attachment":[{"href":"https:\/\/fg.ull.es\/noticias\/wp-json\/wp\/v2\/media?parent=42522"}],"wp:term":[{"taxonomy":"category","embeddable":true,"href":"https:\/\/fg.ull.es\/noticias\/wp-json\/wp\/v2\/categories?post=42522"},{"taxonomy":"post_tag","embeddable":true,"href":"https:\/\/fg.ull.es\/noticias\/wp-json\/wp\/v2\/tags?post=42522"}],"curies":[{"name":"wp","href":"https:\/\/api.w.org\/{rel}","templated":true}]}}