{"id":42516,"date":"2019-07-15T07:30:05","date_gmt":"2019-07-15T06:30:05","guid":{"rendered":"https:\/\/fg.ull.es\/noticias\/?p=42516"},"modified":"2019-07-12T07:52:11","modified_gmt":"2019-07-12T06:52:11","slug":"primer-listado-definitivo-de-la-convocatoria-de-seleccion-de-personal-investigador-para-participar-en-el-proyecto-redaccion-del-plan-de-actuacion-insular-frente-al-riesgo-volcanico-de-la-isla","status":"publish","type":"post","link":"https:\/\/fg.ull.es\/noticias\/2019\/07\/15\/primer-listado-definitivo-de-la-convocatoria-de-seleccion-de-personal-investigador-para-participar-en-el-proyecto-redaccion-del-plan-de-actuacion-insular-frente-al-riesgo-volcanico-de-la-isla\/","title":{"rendered":"Primer listado definitivo de la convocatoria de selecci\u00f3n de personal investigador para participar en el proyecto \u201cRedacci\u00f3n del plan de actuaci\u00f3n insular frente al riesgo volc\u00e1nico de la isla de Tenerife\u201d (2019BDE013)"},"content":{"rendered":"<section class=\"wpb-content-wrapper\"><p>[vc_row][vc_column][vc_column_text]<strong>Finalizado el periodo de alegaciones, se procede a publicar el primer listado definitivo de la convocatoria de selecci\u00f3n de personal para participar en el proyecto \u201cRedacci\u00f3n del plan de actuaci\u00f3n insular frente al riesgo volc\u00e1nico de la isla de Tenerife\u201d (2019BDE013).<\/strong><\/p>\n<p>Para la valoraci\u00f3n de todas y cada una de las candidaturas, y de los futuros procesos, se ha tomado\/tomar\u00e1 como fundamento lo especificado en:[\/vc_column_text][vc_empty_space][\/vc_column][\/vc_row][vc_row][vc_column width=&#8221;1\/2&#8243;][vc_column_text]<\/p>\n<p>Bases generales<\/p>\n<p>[\/vc_column_text][\/vc_column][vc_column width=&#8221;1\/2&#8243;][vc_btn title=&#8221;Descargar Bases Generales&#8221; style=&#8221;custom&#8221; custom_background=&#8221;#c2185b&#8221; custom_text=&#8221;#ffffff&#8221; shape=&#8221;square&#8221; align=&#8221;center&#8221; i_align=&#8221;right&#8221; i_icon_fontawesome=&#8221;fa fa-arrow-circle-o-down&#8221; button_block=&#8221;true&#8221; add_icon=&#8221;true&#8221; link=&#8221;url:https%3A%2F%2Fdrive.google.com%2Ffile%2Fd%2F1v_DD7vKAhVL51LDLzmzrB9jj7baKLzHT%2Fview||target:%20_blank|&#8221;][\/vc_column][\/vc_row][vc_row][vc_column][vc_separator][\/vc_column][\/vc_row][vc_row][vc_column width=&#8221;1\/2&#8243;][vc_column_text]<\/p>\n<p>Perfil singular<\/p>\n<p>[\/vc_column_text][\/vc_column][vc_column width=&#8221;1\/2&#8243;][vc_btn title=&#8221;Descargar Perfil Singular&#8221; style=&#8221;custom&#8221; custom_background=&#8221;#c2185b&#8221; custom_text=&#8221;#ffffff&#8221; shape=&#8221;square&#8221; align=&#8221;center&#8221; i_align=&#8221;right&#8221; i_icon_fontawesome=&#8221;fa fa-file-pdf-o&#8221; button_block=&#8221;true&#8221; add_icon=&#8221;true&#8221; link=&#8221;url:https%3A%2F%2Fdrive.google.com%2Ffile%2Fd%2F1QiIHaFCLPghEB0ZL40D3tTUHh-9tHFHD%2Fview||target:%20_blank|&#8221;][\/vc_column][\/vc_row][vc_row][vc_column][vc_separator][\/vc_column][\/vc_row][vc_row][vc_column width=&#8221;1\/2&#8243;][vc_column_text]Descargar listado:[\/vc_column_text][\/vc_column][vc_column width=&#8221;1\/2&#8243;][vc_btn title=&#8221;Descargar aqu\u00ed &#8221; style=&#8221;custom&#8221; custom_background=&#8221;#d800a2&#8243; custom_text=&#8221;#ffffff&#8221; shape=&#8221;square&#8221; size=&#8221;lg&#8221; align=&#8221;center&#8221; i_align=&#8221;right&#8221; i_icon_fontawesome=&#8221;fa fa-plus-circle&#8221; button_block=&#8221;true&#8221; add_icon=&#8221;true&#8221; link=&#8221;url:https%3A%2F%2Fdrive.google.com%2Fopen%3Fid%3D1bD0dJfwMvoFTJAB6zc9p0p5PavdLpT16||target:%20_blank|&#8221;][\/vc_column][\/vc_row]<\/p>\n<\/section>","protected":false},"excerpt":{"rendered":"<p>[vc_row][vc_column][vc_column_text]Finalizado el periodo de alegaciones, se procede a publicar el primer listado definitivo de la convocatoria de selecci\u00f3n de personal para participar en el proyecto \u201cRedacci\u00f3n del plan de actuaci\u00f3n insular frente al riesgo volc\u00e1nico de la isla de Tenerife\u201d (2019BDE013). Para la valoraci\u00f3n de todas y cada una de las candidaturas, y de los&#8230;<\/p>\n","protected":false},"author":25,"featured_media":0,"comment_status":"closed","ping_status":"closed","sticky":false,"template":"","format":"standard","meta":{"footnotes":""},"categories":[232],"tags":[],"featured_image_thumbnail_url":null,"_links":{"self":[{"href":"https:\/\/fg.ull.es\/noticias\/wp-json\/wp\/v2\/posts\/42516"}],"collection":[{"href":"https:\/\/fg.ull.es\/noticias\/wp-json\/wp\/v2\/posts"}],"about":[{"href":"https:\/\/fg.ull.es\/noticias\/wp-json\/wp\/v2\/types\/post"}],"author":[{"embeddable":true,"href":"https:\/\/fg.ull.es\/noticias\/wp-json\/wp\/v2\/users\/25"}],"replies":[{"embeddable":true,"href":"https:\/\/fg.ull.es\/noticias\/wp-json\/wp\/v2\/comments?post=42516"}],"version-history":[{"count":1,"href":"https:\/\/fg.ull.es\/noticias\/wp-json\/wp\/v2\/posts\/42516\/revisions"}],"predecessor-version":[{"id":42517,"href":"https:\/\/fg.ull.es\/noticias\/wp-json\/wp\/v2\/posts\/42516\/revisions\/42517"}],"wp:attachment":[{"href":"https:\/\/fg.ull.es\/noticias\/wp-json\/wp\/v2\/media?parent=42516"}],"wp:term":[{"taxonomy":"category","embeddable":true,"href":"https:\/\/fg.ull.es\/noticias\/wp-json\/wp\/v2\/categories?post=42516"},{"taxonomy":"post_tag","embeddable":true,"href":"https:\/\/fg.ull.es\/noticias\/wp-json\/wp\/v2\/tags?post=42516"}],"curies":[{"name":"wp","href":"https:\/\/api.w.org\/{rel}","templated":true}]}}