{"id":42499,"date":"2019-07-10T13:22:01","date_gmt":"2019-07-10T12:22:01","guid":{"rendered":"https:\/\/fg.ull.es\/noticias\/?p=42499"},"modified":"2019-07-10T13:22:11","modified_gmt":"2019-07-10T12:22:11","slug":"segundo-listado-provisional-de-la-convocatoria-de-seleccion-de-personal-para-participar-en-actuaciones-dentro-del-marco-de-las-ayudas-para-la-promocion-de-empleo-joven-e-implantacion-de-la-ga","status":"publish","type":"post","link":"https:\/\/fg.ull.es\/noticias\/2019\/07\/10\/segundo-listado-provisional-de-la-convocatoria-de-seleccion-de-personal-para-participar-en-actuaciones-dentro-del-marco-de-las-ayudas-para-la-promocion-de-empleo-joven-e-implantacion-de-la-ga\/","title":{"rendered":"Segundo listado provisional de la convocatoria de selecci\u00f3n de personal para participar en actuaciones dentro del marco de las \u201cAyudas para la promoci\u00f3n de empleo joven e implantaci\u00f3n de la garant\u00eda juvenil en I+D+i\u201d (2019BDE001\/2019BDE002\/2019BDE003)"},"content":{"rendered":"<section class=\"wpb-content-wrapper\"><p>[vc_row][vc_column][vc_column_text]<\/p>\n<h4>El periodo de reclamacion se inicia el\u00a0d\u00eda 11\/07\/2019 y finaliza el pr\u00f3ximo 13\/07\/2019 a las 23:59 horas.<\/h4>\n<p>A partir de este momento, comienza el periodo de alegaciones que, en ning\u00fan caso, ser\u00e1 periodo de subsanaci\u00f3n de documentaci\u00f3n. Finalizado \u00e9ste, a las <strong>23:59<\/strong> <strong>horas del 13 de julio<\/strong>, y resueltas \u00e9stas, se proceder\u00e1 a publicar el segundo listado definitivo.<\/p>\n<p>Las alegaciones \u00fanica y exclusivamente se podr\u00e1n presentar telem\u00e1ticamente al correo electr\u00f3nico seleccion@fg.ull.es y utilizando el siguiente documento normalizado: <a href=\"https:\/\/drive.google.com\/file\/d\/1hmgsQXHBAyEqGrCCaWNn0dGGO_EXuWag\/view\" target=\"_blank\" rel=\"noopener\">documento de alegaciones<\/a>.<\/p>\n<p>El proceso de selecci\u00f3n corresponde a la contrataci\u00f3n de tres t\u00e9cnicos\/as en el marco de las \u201cAyudas para la promoci\u00f3n de empleo joven e implantaci\u00f3n de la garant\u00eda juvenil en I+D+i\u201d:<\/p>\n<ul>\n<li>1 t\u00e9cnico\/a medio II dentro de la actuaci\u00f3n \u201cIgualdad de g\u00e9nero. Experimentando con nuevas soluciones\u201d.<\/li>\n<li>1 t\u00e9cnico\/a medio II dentro de la actuaci\u00f3n \u201cConectando la sociedad con la universidad\u201d.<\/li>\n<li>1 t\u00e9cnico\/a medio II para la \u201cUnidad de Cultura Cient\u00edfica y de la Innovaci\u00f3n\u201d.<\/li>\n<\/ul>\n<p>[\/vc_column_text][vc_empty_space][\/vc_column][\/vc_row][vc_row][vc_column width=&#8221;1\/2&#8243;][vc_column_text]<\/p>\n<h4>Bases generales<\/h4>\n<p>[\/vc_column_text][\/vc_column][vc_column width=&#8221;1\/2&#8243;][vc_btn title=&#8221;Descargar Bases Generales&#8221; style=&#8221;custom&#8221; custom_background=&#8221;#c2185b&#8221; custom_text=&#8221;#ffffff&#8221; shape=&#8221;square&#8221; align=&#8221;center&#8221; i_align=&#8221;right&#8221; i_icon_fontawesome=&#8221;fa fa-arrow-circle-o-down&#8221; button_block=&#8221;true&#8221; add_icon=&#8221;true&#8221; link=&#8221;url:https%3A%2F%2Fdrive.google.com%2Ffile%2Fd%2F1v_DD7vKAhVL51LDLzmzrB9jj7baKLzHT%2Fview||target:%20_blank|&#8221;][\/vc_column][\/vc_row][vc_row][vc_column][vc_separator][\/vc_column][\/vc_row][vc_row][vc_column width=&#8221;1\/2&#8243;][vc_column_text]<\/p>\n<h4>Perfil singular \u201cIGUALDAD DE G\u00c9NERO. EXPERIMENTANDO CON NUEVAS SOLUCIONES\u201d<\/h4>\n<p>[\/vc_column_text][\/vc_column][vc_column width=&#8221;1\/2&#8243;][vc_btn title=&#8221;Descargar Perfil Singular&#8221; style=&#8221;custom&#8221; custom_background=&#8221;#c2185b&#8221; custom_text=&#8221;#ffffff&#8221; shape=&#8221;square&#8221; align=&#8221;center&#8221; i_align=&#8221;right&#8221; i_icon_fontawesome=&#8221;fa fa-file-pdf-o&#8221; button_block=&#8221;true&#8221; add_icon=&#8221;true&#8221; link=&#8221;url:https%3A%2F%2Fdrive.google.com%2Ffile%2Fd%2F13TmWiLyaRpGTxRndWsrlQwWxAeqJfuef%2Fview||target:%20_blank|&#8221;][\/vc_column][\/vc_row][vc_row][vc_column width=&#8221;1\/2&#8243;][vc_column_text]<\/p>\n<h4>Perfil singular \u201cCONECTANDO LA SOCIEDAD CON LA UNIVERSIDAD\u201d<\/h4>\n<p>[\/vc_column_text][\/vc_column][vc_column width=&#8221;1\/2&#8243;][vc_btn title=&#8221;Descargar Perfil Singular&#8221; style=&#8221;custom&#8221; custom_background=&#8221;#c2185b&#8221; custom_text=&#8221;#ffffff&#8221; shape=&#8221;square&#8221; align=&#8221;center&#8221; i_align=&#8221;right&#8221; i_icon_fontawesome=&#8221;fa fa-file-pdf-o&#8221; button_block=&#8221;true&#8221; add_icon=&#8221;true&#8221; link=&#8221;url:https%3A%2F%2Fdrive.google.com%2Ffile%2Fd%2F1MwuWqEaBJLm4BNFaetD__VOxQSSz4zne%2Fview||target:%20_blank|&#8221;][\/vc_column][\/vc_row][vc_row][vc_column width=&#8221;1\/2&#8243;][vc_column_text]<\/p>\n<h4>Perfil singular \u201cUNIDAD DE CULTURA CIENT\u00cdFICA Y DE LA INNOVACI\u00d3N\u201d<\/h4>\n<p>[\/vc_column_text][\/vc_column][vc_column width=&#8221;1\/2&#8243;][vc_btn title=&#8221;Descargar Perfil Singular&#8221; style=&#8221;custom&#8221; custom_background=&#8221;#c2185b&#8221; custom_text=&#8221;#ffffff&#8221; shape=&#8221;square&#8221; align=&#8221;center&#8221; i_align=&#8221;right&#8221; i_icon_fontawesome=&#8221;fa fa-file-pdf-o&#8221; button_block=&#8221;true&#8221; add_icon=&#8221;true&#8221; link=&#8221;url:https%3A%2F%2Fdrive.google.com%2Ffile%2Fd%2F1TQSX0L1qW9mjaMsCAEY_1pfdg5gVsKa_%2Fview||target:%20_blank|&#8221;][\/vc_column][\/vc_row][vc_row][vc_column][vc_separator][\/vc_column][\/vc_row][vc_row][vc_column width=&#8221;2\/4&#8243;][vc_column_text]<\/p>\n<h4>Anexo R.<\/h4>\n<h4>Documento de alegaciones<\/h4>\n<p>[\/vc_column_text][\/vc_column][vc_column width=&#8221;1\/4&#8243;][\/vc_column][vc_column width=&#8221;1\/4&#8243;][vc_btn title=&#8221;(Docx)&#8221; shape=&#8221;square&#8221; color=&#8221;inverse&#8221; align=&#8221;center&#8221; i_align=&#8221;right&#8221; i_icon_fontawesome=&#8221;fa fa-file-word-o&#8221; button_block=&#8221;true&#8221; add_icon=&#8221;true&#8221; link=&#8221;url:https%3A%2F%2Fdrive.google.com%2Ffile%2Fd%2F1hmgsQXHBAyEqGrCCaWNn0dGGO_EXuWag%2Fview||target:%20_blank|&#8221;][\/vc_column][\/vc_row][vc_row][vc_column][vc_separator][\/vc_column][\/vc_row][vc_row][vc_column width=&#8221;1\/2&#8243;][vc_column_text]<\/p>\n<h4><strong>Descargar listado provisional \u201cIGUALDAD DE G\u00c9NERO. EXPERIMENTANDO CON NUEVAS SOLUCIONES\u201d<\/strong><\/h4>\n<p>[\/vc_column_text][\/vc_column][vc_column width=&#8221;1\/2&#8243;][vc_btn title=&#8221;Descargar aqu\u00ed &#8221; style=&#8221;custom&#8221; custom_background=&#8221;#d800a2&#8243; custom_text=&#8221;#ffffff&#8221; shape=&#8221;square&#8221; size=&#8221;lg&#8221; align=&#8221;center&#8221; i_align=&#8221;right&#8221; i_icon_fontawesome=&#8221;fa fa-plus-circle&#8221; button_block=&#8221;true&#8221; add_icon=&#8221;true&#8221; link=&#8221;url:https%3A%2F%2Fdrive.google.com%2Fopen%3Fid%3D1xyeXEIcIKF2Uzo6yUSRQW-kJLCbPDEKH||target:%20_blank|&#8221;][\/vc_column][\/vc_row][vc_row][vc_column width=&#8221;1\/2&#8243;][vc_column_text]<\/p>\n<h4><strong>Descargar listado provisional \u201cCONECTANDO LA SOCIEDAD CON LA UNIVERSIDAD\u201d<\/strong><\/h4>\n<p>[\/vc_column_text][\/vc_column][vc_column width=&#8221;1\/2&#8243;][vc_btn title=&#8221;Descargar aqu\u00ed &#8221; style=&#8221;custom&#8221; custom_background=&#8221;#d800a2&#8243; custom_text=&#8221;#ffffff&#8221; shape=&#8221;square&#8221; size=&#8221;lg&#8221; align=&#8221;center&#8221; i_align=&#8221;right&#8221; i_icon_fontawesome=&#8221;fa fa-plus-circle&#8221; button_block=&#8221;true&#8221; add_icon=&#8221;true&#8221; link=&#8221;url:https%3A%2F%2Fdrive.google.com%2Fopen%3Fid%3D195WV0zl5zFdLg9Syot3PhH-ydDjJuUGS||target:%20_blank|&#8221;][\/vc_column][\/vc_row][vc_row][vc_column width=&#8221;1\/2&#8243;][vc_column_text]<\/p>\n<h4><strong>Descargar listado provisional \u201cUNIDAD DE CULTURA CIENT\u00cdFICA Y DE LA INNOVACI\u00d3N\u201d<\/strong><\/h4>\n<p>[\/vc_column_text][\/vc_column][vc_column width=&#8221;1\/2&#8243;][vc_btn title=&#8221;Descargar aqu\u00ed &#8221; style=&#8221;custom&#8221; custom_background=&#8221;#d800a2&#8243; custom_text=&#8221;#ffffff&#8221; shape=&#8221;square&#8221; size=&#8221;lg&#8221; align=&#8221;center&#8221; i_align=&#8221;right&#8221; i_icon_fontawesome=&#8221;fa fa-plus-circle&#8221; button_block=&#8221;true&#8221; add_icon=&#8221;true&#8221; link=&#8221;url:https%3A%2F%2Fdrive.google.com%2Fopen%3Fid%3D1UPAnFM12PSoTB_XGLAjkEp4qgdKyfW0d||target:%20_blank|&#8221;][\/vc_column][\/vc_row]<\/p>\n<\/section>","protected":false},"excerpt":{"rendered":"<p>[vc_row][vc_column][vc_column_text] El periodo de reclamacion se inicia el\u00a0d\u00eda 11\/07\/2019 y finaliza el pr\u00f3ximo 13\/07\/2019 a las 23:59 horas. A partir de este momento, comienza el periodo de alegaciones que, en ning\u00fan caso, ser\u00e1 periodo de subsanaci\u00f3n de documentaci\u00f3n. Finalizado \u00e9ste, a las 23:59 horas del 13 de julio, y resueltas \u00e9stas, se proceder\u00e1 a publicar&#8230;<\/p>\n","protected":false},"author":25,"featured_media":0,"comment_status":"closed","ping_status":"closed","sticky":false,"template":"","format":"standard","meta":{"footnotes":""},"categories":[232],"tags":[],"featured_image_thumbnail_url":null,"_links":{"self":[{"href":"https:\/\/fg.ull.es\/noticias\/wp-json\/wp\/v2\/posts\/42499"}],"collection":[{"href":"https:\/\/fg.ull.es\/noticias\/wp-json\/wp\/v2\/posts"}],"about":[{"href":"https:\/\/fg.ull.es\/noticias\/wp-json\/wp\/v2\/types\/post"}],"author":[{"embeddable":true,"href":"https:\/\/fg.ull.es\/noticias\/wp-json\/wp\/v2\/users\/25"}],"replies":[{"embeddable":true,"href":"https:\/\/fg.ull.es\/noticias\/wp-json\/wp\/v2\/comments?post=42499"}],"version-history":[{"count":2,"href":"https:\/\/fg.ull.es\/noticias\/wp-json\/wp\/v2\/posts\/42499\/revisions"}],"predecessor-version":[{"id":42501,"href":"https:\/\/fg.ull.es\/noticias\/wp-json\/wp\/v2\/posts\/42499\/revisions\/42501"}],"wp:attachment":[{"href":"https:\/\/fg.ull.es\/noticias\/wp-json\/wp\/v2\/media?parent=42499"}],"wp:term":[{"taxonomy":"category","embeddable":true,"href":"https:\/\/fg.ull.es\/noticias\/wp-json\/wp\/v2\/categories?post=42499"},{"taxonomy":"post_tag","embeddable":true,"href":"https:\/\/fg.ull.es\/noticias\/wp-json\/wp\/v2\/tags?post=42499"}],"curies":[{"name":"wp","href":"https:\/\/api.w.org\/{rel}","templated":true}]}}