{"id":42474,"date":"2019-07-04T12:15:13","date_gmt":"2019-07-04T11:15:13","guid":{"rendered":"https:\/\/fg.ull.es\/noticias\/?p=42474"},"modified":"2019-07-04T12:15:13","modified_gmt":"2019-07-04T11:15:13","slug":"resultados-definitivos-de-la-parte-a-y-convocatoria-para-parte-b-del-examen-de-acreditaciones-de-ingles-acles-convocatoria-del-14-06-2019","status":"publish","type":"post","link":"https:\/\/fg.ull.es\/noticias\/2019\/07\/04\/resultados-definitivos-de-la-parte-a-y-convocatoria-para-parte-b-del-examen-de-acreditaciones-de-ingles-acles-convocatoria-del-14-06-2019\/","title":{"rendered":"Resultados definitivos de la parte A y convocatoria para parte B del examen de acreditaciones de ingl\u00e9s ACLES (Convocatoria del 14\/06\/2019)"},"content":{"rendered":"<p>Finalizado el periodo de reclamaciones y revisiones se publican los resultados definitivos de la parte escrita del examen de acreditaci\u00f3n de nivel B1 celebrado el pasado 14 de junio<\/p>\n<p>\u2013<a href=\"https:\/\/drive.google.com\/file\/d\/1Xdr8Y7o_oyTzNScav7yVEeybvjXuT2QN\/view?usp=sharing\" target=\"_blank\" rel=\"noopener\">Resultados definitivos (parte A) nivel B1<\/a><\/p>\n<p>A aquellas personas que lo hayan superado, se les emplaza para la realizaci\u00f3n de la <strong>prueba oral (parte B) <\/strong>el <strong>viernes 12 de julio de 2019 a las 10:00 horas en el aula 1<\/strong> del aulario de la Fundaci\u00f3n.<\/p>\n<p>&nbsp;<\/p>\n<p>IMPORTANTE:<\/p>\n<ul>\n<li>Los\/as interesados\/as deber\u00e1n presentar el DNI, NIE o pasaporte <strong>en vigor<\/strong>, en cada una de las pruebas que se realicen.<\/li>\n<li>No podr\u00e1 entrar ninguna persona que no est\u00e9 en la lista, las personas que no aparezca en lista deber\u00e1 solucionar este aspecto en la secretar\u00eda de la FGULL.<\/li>\n<li>Debe acudir a la cita en la hora convocada, no pudi\u00e9ndose presentar en otro horario.<\/li>\n<li>Se informa a los\/as candidatos\/as de que <strong>su examen oral ser\u00e1 grabado<\/strong> (s\u00f3lo audio), solicit\u00e1ndose su autorizaci\u00f3n para fines de revisi\u00f3n de ex\u00e1menes, pedag\u00f3gicos y de estandarizaci\u00f3n de evaluadores a la presentaci\u00f3n de la hoja de firmas<\/li>\n<\/ul>\n<p>Les recordamos que tienen toda la informaci\u00f3n del desarrollo de las pruebas en:\u00a0<a href=\"https:\/\/fg.ull.es\/idiomas\/certificadas-por-acles\/\">https:\/\/fg.ull.es\/idiomas\/certificadas-por-acles\/<\/a><\/p>\n<p>&nbsp;<\/p>\n","protected":false},"excerpt":{"rendered":"<p>Finalizado el periodo de reclamaciones y revisiones se publican los resultados definitivos de la parte escrita del examen de acreditaci\u00f3n de nivel B1 celebrado el pasado 14 de junio \u2013Resultados definitivos (parte A) nivel B1 A aquellas personas que lo hayan superado, se les emplaza para la realizaci\u00f3n de la prueba oral (parte B) el&#8230;<\/p>\n","protected":false},"author":6,"featured_media":0,"comment_status":"closed","ping_status":"closed","sticky":false,"template":"","format":"standard","meta":{"footnotes":""},"categories":[232],"tags":[],"featured_image_thumbnail_url":null,"_links":{"self":[{"href":"https:\/\/fg.ull.es\/noticias\/wp-json\/wp\/v2\/posts\/42474"}],"collection":[{"href":"https:\/\/fg.ull.es\/noticias\/wp-json\/wp\/v2\/posts"}],"about":[{"href":"https:\/\/fg.ull.es\/noticias\/wp-json\/wp\/v2\/types\/post"}],"author":[{"embeddable":true,"href":"https:\/\/fg.ull.es\/noticias\/wp-json\/wp\/v2\/users\/6"}],"replies":[{"embeddable":true,"href":"https:\/\/fg.ull.es\/noticias\/wp-json\/wp\/v2\/comments?post=42474"}],"version-history":[{"count":1,"href":"https:\/\/fg.ull.es\/noticias\/wp-json\/wp\/v2\/posts\/42474\/revisions"}],"predecessor-version":[{"id":42475,"href":"https:\/\/fg.ull.es\/noticias\/wp-json\/wp\/v2\/posts\/42474\/revisions\/42475"}],"wp:attachment":[{"href":"https:\/\/fg.ull.es\/noticias\/wp-json\/wp\/v2\/media?parent=42474"}],"wp:term":[{"taxonomy":"category","embeddable":true,"href":"https:\/\/fg.ull.es\/noticias\/wp-json\/wp\/v2\/categories?post=42474"},{"taxonomy":"post_tag","embeddable":true,"href":"https:\/\/fg.ull.es\/noticias\/wp-json\/wp\/v2\/tags?post=42474"}],"curies":[{"name":"wp","href":"https:\/\/api.w.org\/{rel}","templated":true}]}}