{"id":42189,"date":"2019-06-06T15:16:07","date_gmt":"2019-06-06T14:16:07","guid":{"rendered":"https:\/\/fg.ull.es\/noticias\/?p=42189"},"modified":"2019-06-18T09:26:03","modified_gmt":"2019-06-18T08:26:03","slug":"la-jornada-de-introduccion-a-la-genomica-y-la-bioinformatica-se-celebrara-el-proximo-25-de-junio-en-la-universidad-de-la-laguna","status":"publish","type":"post","link":"https:\/\/fg.ull.es\/noticias\/2019\/06\/06\/la-jornada-de-introduccion-a-la-genomica-y-la-bioinformatica-se-celebrara-el-proximo-25-de-junio-en-la-universidad-de-la-laguna\/","title":{"rendered":"La jornada &#8220;Introducci\u00f3n a la Gen\u00f3mica y la Bioinform\u00e1tica&#8221; se celebrar\u00e1 el pr\u00f3ximo 25 de junio en la Universidad de La Laguna"},"content":{"rendered":"<section class=\"wpb-content-wrapper\"><p>[vc_row][vc_column][vc_column_text]<\/p>\n<h3>Se desarrollar\u00e1 en la Escuela Superior de Ingenier\u00eda y Tecnolog\u00eda y est\u00e1 organizada por el Grupo TARO-ULL de Ingenier\u00eda del Software y Bases de Datos, la Fundaci\u00f3n Canaria de Investigaci\u00f3n Sanitaria (FUNCANIS), la Unidad de investigaci\u00f3n del Hospital Universitario de La Candelaria (HUNSC) y la Unidad de Gen\u00f3mica del Instituto Tecnol\u00f3gico de Energ\u00edas Renovables (ITER).<\/h3>\n<p>Esta actividad se desarrolla en el marco del proyecto RTC\u20102017\u20106471\u20101_UDIGEN de Desarrollo de una Unidad de Diagn\u00f3stico Gen\u00f3mico a trav\u00e9s de la convocatoria Retos y Excelencia de la Agencia Estatal de Investigaci\u00f3n con financiaci\u00f3n del FEDER y el Ministerio de Ciencia, Innovaci\u00f3n y Universidades.<\/p>\n<p>La jornada tiene por objetivo proporcionar a los asistentes una introducci\u00f3n a las herramientas de bioinform\u00e1tica y las t\u00e9cnicas de an\u00e1lisis de datos en gen\u00f3mica. Asimismo, durante la misma se llevar\u00e1 a cabo la presentaci\u00f3n de diferentes trabajos y estudios en l\u00edneas de investigaci\u00f3n en gen\u00f3mica y bioinform\u00e1tica por parte de los investigadores participantes.<\/p>\n<p>&nbsp;<\/p>\n<p><img decoding=\"async\" loading=\"lazy\" class=\"alignnone size-medium wp-image-42294\" src=\"https:\/\/fg.ull.es\/noticias\/wp-content\/uploads\/sites\/2\/2019\/06\/union_europea-300x129.png\" alt=\"\" width=\"300\" height=\"129\" srcset=\"https:\/\/fg.ull.es\/noticias\/wp-content\/uploads\/sites\/2\/2019\/06\/union_europea-300x129.png 300w, https:\/\/fg.ull.es\/noticias\/wp-content\/uploads\/sites\/2\/2019\/06\/union_europea-375x162.png 375w, https:\/\/fg.ull.es\/noticias\/wp-content\/uploads\/sites\/2\/2019\/06\/union_europea.png 568w\" sizes=\"(max-width: 300px) 100vw, 300px\" \/><\/p>\n<p><img decoding=\"async\" loading=\"lazy\" class=\"alignnone size-medium wp-image-42295\" src=\"https:\/\/fg.ull.es\/noticias\/wp-content\/uploads\/sites\/2\/2019\/06\/MCIU_Gob_AEI-300x63.jpg\" alt=\"\" width=\"300\" height=\"63\" srcset=\"https:\/\/fg.ull.es\/noticias\/wp-content\/uploads\/sites\/2\/2019\/06\/MCIU_Gob_AEI-300x63.jpg 300w, https:\/\/fg.ull.es\/noticias\/wp-content\/uploads\/sites\/2\/2019\/06\/MCIU_Gob_AEI-768x161.jpg 768w, https:\/\/fg.ull.es\/noticias\/wp-content\/uploads\/sites\/2\/2019\/06\/MCIU_Gob_AEI-1024x214.jpg 1024w, https:\/\/fg.ull.es\/noticias\/wp-content\/uploads\/sites\/2\/2019\/06\/MCIU_Gob_AEI-375x78.jpg 375w, https:\/\/fg.ull.es\/noticias\/wp-content\/uploads\/sites\/2\/2019\/06\/MCIU_Gob_AEI-750x157.jpg 750w, https:\/\/fg.ull.es\/noticias\/wp-content\/uploads\/sites\/2\/2019\/06\/MCIU_Gob_AEI-1140x239.jpg 1140w\" sizes=\"(max-width: 300px) 100vw, 300px\" \/>[\/vc_column_text][vc_btn title=&#8221;INSCRIPCI\u00d3N AQU\u00cd&#8221; shape=&#8221;square&#8221; color=&#8221;danger&#8221; i_icon_fontawesome=&#8221;fa fa-location-arrow&#8221; add_icon=&#8221;true&#8221; link=&#8221;url:https%3A%2F%2Fsede.fg.ull.es%2Fes%2Fcurso%2Fdetalle%2Fa19030262%2Fjornadas-de-introduccion-a-la-genomica-y-la-bioinformatica||target:%20_blank|&#8221;][\/vc_column][\/vc_row]<\/p>\n<\/section>","protected":false},"excerpt":{"rendered":"<p> La jornada de Introducci\u00f3n a la Gen\u00f3mica y la Bioinform\u00e1tica se celebrar\u00e1 el pr\u00f3ximo 25 de junio en la Universidad de La Laguna<\/p>\n","protected":false},"author":3,"featured_media":42190,"comment_status":"closed","ping_status":"closed","sticky":false,"template":"","format":"standard","meta":{"footnotes":""},"categories":[6,7],"tags":[],"featured_image_thumbnail_url":"https:\/\/fg.ull.es\/noticias\/wp-content\/uploads\/sites\/2\/2019\/06\/974genoma-humano-300x180.jpg","_links":{"self":[{"href":"https:\/\/fg.ull.es\/noticias\/wp-json\/wp\/v2\/posts\/42189"}],"collection":[{"href":"https:\/\/fg.ull.es\/noticias\/wp-json\/wp\/v2\/posts"}],"about":[{"href":"https:\/\/fg.ull.es\/noticias\/wp-json\/wp\/v2\/types\/post"}],"author":[{"embeddable":true,"href":"https:\/\/fg.ull.es\/noticias\/wp-json\/wp\/v2\/users\/3"}],"replies":[{"embeddable":true,"href":"https:\/\/fg.ull.es\/noticias\/wp-json\/wp\/v2\/comments?post=42189"}],"version-history":[{"count":7,"href":"https:\/\/fg.ull.es\/noticias\/wp-json\/wp\/v2\/posts\/42189\/revisions"}],"predecessor-version":[{"id":42296,"href":"https:\/\/fg.ull.es\/noticias\/wp-json\/wp\/v2\/posts\/42189\/revisions\/42296"}],"wp:featuredmedia":[{"embeddable":true,"href":"https:\/\/fg.ull.es\/noticias\/wp-json\/wp\/v2\/media\/42190"}],"wp:attachment":[{"href":"https:\/\/fg.ull.es\/noticias\/wp-json\/wp\/v2\/media?parent=42189"}],"wp:term":[{"taxonomy":"category","embeddable":true,"href":"https:\/\/fg.ull.es\/noticias\/wp-json\/wp\/v2\/categories?post=42189"},{"taxonomy":"post_tag","embeddable":true,"href":"https:\/\/fg.ull.es\/noticias\/wp-json\/wp\/v2\/tags?post=42189"}],"curies":[{"name":"wp","href":"https:\/\/api.w.org\/{rel}","templated":true}]}}