{"id":42174,"date":"2019-06-05T09:00:53","date_gmt":"2019-06-05T08:00:53","guid":{"rendered":"https:\/\/fg.ull.es\/noticias\/?p=42174"},"modified":"2019-06-05T09:00:53","modified_gmt":"2019-06-05T08:00:53","slug":"segundo-listado-definitivo-de-la-convocatoria-de-seleccion-de-personal-para-el-desarrollo-de-actividades-de-gestion-administrativa-y-economica-de-las-actividades-del-plan-de-actuacion-de-la-fundacion","status":"publish","type":"post","link":"https:\/\/fg.ull.es\/noticias\/2019\/06\/05\/segundo-listado-definitivo-de-la-convocatoria-de-seleccion-de-personal-para-el-desarrollo-de-actividades-de-gestion-administrativa-y-economica-de-las-actividades-del-plan-de-actuacion-de-la-fundacion\/","title":{"rendered":"Segundo listado definitivo de la convocatoria de selecci\u00f3n de personal para el desarrollo de actividades de gesti\u00f3n administrativa y econ\u00f3mica de las actividades del plan de actuaci\u00f3n de la Fundaci\u00f3n General de la Universidad de La Laguna (convocatoria 2019BDE012)"},"content":{"rendered":"<p>Finalizado el periodo de alegaciones, se procede a publicar el segundo listado definitivo de las candidaturas aceptadas y excluidas de la convocatoria<\/p>\n<ul>\n<li><a href=\"https:\/\/drive.google.com\/file\/d\/1-H3FxBf1L1kggvUIlhhauH9og1xiRsHa\/view?usp=sharing\" target=\"_blank\" rel=\"noopener\">Segundo listado definitivo<\/a><\/li>\n<\/ul>\n<p>Para la valoraci\u00f3n de todas y cada una de las candidaturas se ha tomado\/tomar\u00e1 como fundamento lo especificado en la convocatoria.<\/p>\n<p><a href=\"https:\/\/drive.google.com\/file\/d\/1KC-minCTcUunr6ONDIAKHmA8pBTLZKOn\/view\" target=\"_blank\" rel=\"noopener\">Bases generales<\/a><\/p>\n<p><a href=\"https:\/\/drive.google.com\/file\/d\/10U7kqzB0n073aYUeomtXMeVuYqdFY8ZF\/view\" target=\"_blank\" rel=\"noopener\">Bases espec\u00edficas<\/a><\/p>\n","protected":false},"excerpt":{"rendered":"<p>Finalizado el periodo de alegaciones, se procede a publicar el segundo listado definitivo de las candidaturas aceptadas y excluidas de la convocatoria Segundo listado definitivo Para la valoraci\u00f3n de todas y cada una de las candidaturas se ha tomado\/tomar\u00e1 como fundamento lo especificado en la convocatoria. Bases generales Bases espec\u00edficas<\/p>\n","protected":false},"author":6,"featured_media":0,"comment_status":"closed","ping_status":"closed","sticky":false,"template":"","format":"standard","meta":{"footnotes":""},"categories":[232],"tags":[],"featured_image_thumbnail_url":null,"_links":{"self":[{"href":"https:\/\/fg.ull.es\/noticias\/wp-json\/wp\/v2\/posts\/42174"}],"collection":[{"href":"https:\/\/fg.ull.es\/noticias\/wp-json\/wp\/v2\/posts"}],"about":[{"href":"https:\/\/fg.ull.es\/noticias\/wp-json\/wp\/v2\/types\/post"}],"author":[{"embeddable":true,"href":"https:\/\/fg.ull.es\/noticias\/wp-json\/wp\/v2\/users\/6"}],"replies":[{"embeddable":true,"href":"https:\/\/fg.ull.es\/noticias\/wp-json\/wp\/v2\/comments?post=42174"}],"version-history":[{"count":2,"href":"https:\/\/fg.ull.es\/noticias\/wp-json\/wp\/v2\/posts\/42174\/revisions"}],"predecessor-version":[{"id":42176,"href":"https:\/\/fg.ull.es\/noticias\/wp-json\/wp\/v2\/posts\/42174\/revisions\/42176"}],"wp:attachment":[{"href":"https:\/\/fg.ull.es\/noticias\/wp-json\/wp\/v2\/media?parent=42174"}],"wp:term":[{"taxonomy":"category","embeddable":true,"href":"https:\/\/fg.ull.es\/noticias\/wp-json\/wp\/v2\/categories?post=42174"},{"taxonomy":"post_tag","embeddable":true,"href":"https:\/\/fg.ull.es\/noticias\/wp-json\/wp\/v2\/tags?post=42174"}],"curies":[{"name":"wp","href":"https:\/\/api.w.org\/{rel}","templated":true}]}}