{"id":42168,"date":"2019-06-04T16:00:56","date_gmt":"2019-06-04T15:00:56","guid":{"rendered":"https:\/\/fg.ull.es\/noticias\/?p=42168"},"modified":"2019-06-05T08:02:23","modified_gmt":"2019-06-05T07:02:23","slug":"ampliacion-del-plazo-de-inscripcion-de-la-convocatoria-de-seleccion-de-personal-tecnico-para-desarrollo-de-actividades-de-promocion-y-gestion-del-proyecto-de-formacion-de-gestores-de-la-innovacion-20","status":"publish","type":"post","link":"https:\/\/fg.ull.es\/noticias\/2019\/06\/04\/ampliacion-del-plazo-de-inscripcion-de-la-convocatoria-de-seleccion-de-personal-tecnico-para-desarrollo-de-actividades-de-promocion-y-gestion-del-proyecto-de-formacion-de-gestores-de-la-innovacion-20\/","title":{"rendered":"Ampliaci\u00f3n del plazo de inscripci\u00f3n de la convocatoria de selecci\u00f3n de personal t\u00e9cnico para desarrollo de actividades de promoci\u00f3n y gesti\u00f3n del proyecto de Formaci\u00f3n de Gestores de la Innovaci\u00f3n (2019BDE016)"},"content":{"rendered":"<section class=\"wpb-content-wrapper\"><p>[vc_row][vc_column][vc_column_text]<\/p>\n<h4>El periodo de inscripci\u00f3n se ampl\u00eda hasta el pr\u00f3ximo domingo 09 de junio de 2019 a las 23:59 horas. Las personas interesadas en participar en el proceso de selecci\u00f3n deben presentar su candidatura desde la sede electr\u00f3nica de la Fundaci\u00f3n.<\/h4>\n<p>Las personas interesadas que cumplan los requisitos expuestos en las bases podr\u00e1n participar en el mismo.<\/p>\n<p>Para la inscripci\u00f3n es totalmente necesario el cumplimiento de los requisitos expuestos en las bases generales y perfil singular de la convocatoria que se presentan a continuaci\u00f3n:<\/p>\n<p>[\/vc_column_text][vc_empty_space][\/vc_column][\/vc_row][vc_row][vc_column width=&#8221;1\/2&#8243;][vc_column_text]<\/p>\n<h4>Bases generales<\/h4>\n<p>[\/vc_column_text][\/vc_column][vc_column width=&#8221;1\/2&#8243;][vc_btn title=&#8221;Descargar Bases Generales&#8221; style=&#8221;custom&#8221; custom_background=&#8221;#c2185b&#8221; custom_text=&#8221;#ffffff&#8221; shape=&#8221;square&#8221; align=&#8221;center&#8221; i_align=&#8221;right&#8221; i_icon_fontawesome=&#8221;fa fa-arrow-circle-o-down&#8221; button_block=&#8221;true&#8221; add_icon=&#8221;true&#8221; link=&#8221;url:https%3A%2F%2Fdrive.google.com%2Ffile%2Fd%2F1v_DD7vKAhVL51LDLzmzrB9jj7baKLzHT%2Fview||target:%20_blank|&#8221;][\/vc_column][\/vc_row][vc_row][vc_column][vc_separator][\/vc_column][\/vc_row][vc_row][vc_column width=&#8221;1\/2&#8243;][vc_column_text]<\/p>\n<h4>Perfil singular<\/h4>\n<p>[\/vc_column_text][\/vc_column][vc_column width=&#8221;1\/2&#8243;][vc_btn title=&#8221;Descargar Perfil Singular&#8221; style=&#8221;custom&#8221; custom_background=&#8221;#c2185b&#8221; custom_text=&#8221;#ffffff&#8221; shape=&#8221;square&#8221; align=&#8221;center&#8221; i_align=&#8221;right&#8221; i_icon_fontawesome=&#8221;fa fa-file-pdf-o&#8221; button_block=&#8221;true&#8221; add_icon=&#8221;true&#8221; link=&#8221;url:https%3A%2F%2Fdrive.google.com%2Ffile%2Fd%2F1MPUtmr5uhOp5EYk3RrI8Zj16p_BoWJlo%2Fview||target:%20_blank|&#8221;][\/vc_column][\/vc_row][vc_row][vc_column][vc_separator][\/vc_column][\/vc_row][vc_row][vc_column width=&#8221;1\/2&#8243;][vc_column_text]<\/p>\n<h4><strong>Inscripci\u00f3n en la sede electr\u00f3nica:<\/strong><\/h4>\n<p>[\/vc_column_text][\/vc_column][vc_column width=&#8221;1\/2&#8243;][vc_btn title=&#8221;Inscripci\u00f3n aqu\u00ed &#8221; style=&#8221;custom&#8221; custom_background=&#8221;#da8a00&#8243; custom_text=&#8221;#ffffff&#8221; shape=&#8221;square&#8221; size=&#8221;lg&#8221; align=&#8221;center&#8221; i_align=&#8221;right&#8221; i_icon_fontawesome=&#8221;fa fa-plus-circle&#8221; button_block=&#8221;true&#8221; add_icon=&#8221;true&#8221; link=&#8221;url:https%3A%2F%2Fsede.fg.ull.es%2Fes%2Fempleo%2Fdetalle%2Fa19120071%2Ffundacion-general-de-la-universidad-de-la-laguna-agencia-universitaria-de-innovacion||target:%20_blank|&#8221;][\/vc_column][\/vc_row]<\/p>\n<\/section>","protected":false},"excerpt":{"rendered":"<p>[vc_row][vc_column][vc_column_text] El periodo de inscripci\u00f3n se ampl\u00eda hasta el pr\u00f3ximo domingo 09 de junio de 2019 a las 23:59 horas. Las personas interesadas en participar en el proceso de selecci\u00f3n deben presentar su candidatura desde la sede electr\u00f3nica de la Fundaci\u00f3n. Las personas interesadas que cumplan los requisitos expuestos en las bases podr\u00e1n participar en&#8230;<\/p>\n","protected":false},"author":25,"featured_media":0,"comment_status":"closed","ping_status":"closed","sticky":false,"template":"","format":"standard","meta":{"footnotes":""},"categories":[232],"tags":[],"featured_image_thumbnail_url":null,"_links":{"self":[{"href":"https:\/\/fg.ull.es\/noticias\/wp-json\/wp\/v2\/posts\/42168"}],"collection":[{"href":"https:\/\/fg.ull.es\/noticias\/wp-json\/wp\/v2\/posts"}],"about":[{"href":"https:\/\/fg.ull.es\/noticias\/wp-json\/wp\/v2\/types\/post"}],"author":[{"embeddable":true,"href":"https:\/\/fg.ull.es\/noticias\/wp-json\/wp\/v2\/users\/25"}],"replies":[{"embeddable":true,"href":"https:\/\/fg.ull.es\/noticias\/wp-json\/wp\/v2\/comments?post=42168"}],"version-history":[{"count":3,"href":"https:\/\/fg.ull.es\/noticias\/wp-json\/wp\/v2\/posts\/42168\/revisions"}],"predecessor-version":[{"id":42171,"href":"https:\/\/fg.ull.es\/noticias\/wp-json\/wp\/v2\/posts\/42168\/revisions\/42171"}],"wp:attachment":[{"href":"https:\/\/fg.ull.es\/noticias\/wp-json\/wp\/v2\/media?parent=42168"}],"wp:term":[{"taxonomy":"category","embeddable":true,"href":"https:\/\/fg.ull.es\/noticias\/wp-json\/wp\/v2\/categories?post=42168"},{"taxonomy":"post_tag","embeddable":true,"href":"https:\/\/fg.ull.es\/noticias\/wp-json\/wp\/v2\/tags?post=42168"}],"curies":[{"name":"wp","href":"https:\/\/api.w.org\/{rel}","templated":true}]}}