{"id":42148,"date":"2019-05-28T08:50:13","date_gmt":"2019-05-28T07:50:13","guid":{"rendered":"https:\/\/fg.ull.es\/noticias\/?p=42148"},"modified":"2019-05-28T08:50:13","modified_gmt":"2019-05-28T07:50:13","slug":"segundo-listado-provisional-de-la-convocatoria-de-seleccion-de-personal-para-el-desarrollo-de-actividades-de-gestion-administrativa-y-economica-de-las-actividades-del-plan-de-actuacion-de-la-fundacion","status":"publish","type":"post","link":"https:\/\/fg.ull.es\/noticias\/2019\/05\/28\/segundo-listado-provisional-de-la-convocatoria-de-seleccion-de-personal-para-el-desarrollo-de-actividades-de-gestion-administrativa-y-economica-de-las-actividades-del-plan-de-actuacion-de-la-fundacion\/","title":{"rendered":"Segundo listado provisional de la convocatoria de selecci\u00f3n de personal para el desarrollo de actividades de gesti\u00f3n administrativa y econ\u00f3mica de las actividades del plan de actuaci\u00f3n de la Fundaci\u00f3n General de la Universidad de La Laguna (convocatoria 2019BDE012)"},"content":{"rendered":"<p>Finalizado el periodo de prueba pr\u00e1ctica, entrevistas y demostraci\u00f3n de los m\u00e9ritos se procede a publicar el segundo listado provisional de las candidaturas aceptadas y excluidas de la convocatoria<\/p>\n<ul>\n<li><a href=\"https:\/\/drive.google.com\/file\/d\/1DQn3-JnVUa_1x10gv3OMeEVIXEEMo1GT\/view?usp=sharing\" target=\"_blank\" rel=\"noopener\">Segundo listado provisional<\/a><\/li>\n<\/ul>\n<p>Se abre un<strong> plazo de 3 d\u00edas naturale<\/strong>s, a partir del siguiente a la publicaci\u00f3n y que finaliza el 31\/05\/2019, para la<strong> presentaci\u00f3n de alegaciones<\/strong> que \u00fanica y exclusivamente se podr\u00e1n presentar por correo electr\u00f3nico a <strong>seleccion@fg.ull.es<\/strong> y utilizando el siguiente\u00a0documento de alegaciones (<a href=\"https:\/\/drive.google.com\/open?id=1zgOqJxR_MeJOlGKzZbcmPss_aCA8ayoj\" target=\"_blank\" rel=\"noopener\">DOCX<\/a>, <a href=\"https:\/\/drive.google.com\/open?id=1FZqF9Nij9wjjxy52qjc1KOMuPU3a9Bsw\" target=\"_blank\" rel=\"noopener\">PDF<\/a>, <a href=\"https:\/\/drive.google.com\/open?id=15bVRD7ZRmBaSJKnq7jgsODG9eSqFr4Yq\" target=\"_blank\" rel=\"noopener\">ODT<\/a>). Finalizado ese periodo, y resueltas las alegaciones que se presenten, se proceder\u00e1 a publicar el segundo listado definitivo.<\/p>\n<p>Para la valoraci\u00f3n de todas y cada una de las candidaturas se ha tomado\/tomar\u00e1 como fundamento lo especificado en la convocatoria.<\/p>\n<p><a href=\"https:\/\/drive.google.com\/file\/d\/1KC-minCTcUunr6ONDIAKHmA8pBTLZKOn\/view\" target=\"_blank\" rel=\"noopener\">Bases generales<\/a><\/p>\n<p><a href=\"https:\/\/drive.google.com\/file\/d\/10U7kqzB0n073aYUeomtXMeVuYqdFY8ZF\/view\" target=\"_blank\" rel=\"noopener\">Bases espec\u00edficas<\/a><\/p>\n","protected":false},"excerpt":{"rendered":"<p>Finalizado el periodo de prueba pr\u00e1ctica, entrevistas y demostraci\u00f3n de los m\u00e9ritos se procede a publicar el segundo listado provisional de las candidaturas aceptadas y excluidas de la convocatoria Segundo listado provisional Se abre un plazo de 3 d\u00edas naturales, a partir del siguiente a la publicaci\u00f3n y que finaliza el 31\/05\/2019, para la presentaci\u00f3n&#8230;<\/p>\n","protected":false},"author":6,"featured_media":0,"comment_status":"closed","ping_status":"closed","sticky":false,"template":"","format":"standard","meta":{"footnotes":""},"categories":[232],"tags":[],"featured_image_thumbnail_url":null,"_links":{"self":[{"href":"https:\/\/fg.ull.es\/noticias\/wp-json\/wp\/v2\/posts\/42148"}],"collection":[{"href":"https:\/\/fg.ull.es\/noticias\/wp-json\/wp\/v2\/posts"}],"about":[{"href":"https:\/\/fg.ull.es\/noticias\/wp-json\/wp\/v2\/types\/post"}],"author":[{"embeddable":true,"href":"https:\/\/fg.ull.es\/noticias\/wp-json\/wp\/v2\/users\/6"}],"replies":[{"embeddable":true,"href":"https:\/\/fg.ull.es\/noticias\/wp-json\/wp\/v2\/comments?post=42148"}],"version-history":[{"count":2,"href":"https:\/\/fg.ull.es\/noticias\/wp-json\/wp\/v2\/posts\/42148\/revisions"}],"predecessor-version":[{"id":42150,"href":"https:\/\/fg.ull.es\/noticias\/wp-json\/wp\/v2\/posts\/42148\/revisions\/42150"}],"wp:attachment":[{"href":"https:\/\/fg.ull.es\/noticias\/wp-json\/wp\/v2\/media?parent=42148"}],"wp:term":[{"taxonomy":"category","embeddable":true,"href":"https:\/\/fg.ull.es\/noticias\/wp-json\/wp\/v2\/categories?post=42148"},{"taxonomy":"post_tag","embeddable":true,"href":"https:\/\/fg.ull.es\/noticias\/wp-json\/wp\/v2\/tags?post=42148"}],"curies":[{"name":"wp","href":"https:\/\/api.w.org\/{rel}","templated":true}]}}