{"id":42145,"date":"2019-05-27T16:22:31","date_gmt":"2019-05-27T15:22:31","guid":{"rendered":"https:\/\/fg.ull.es\/noticias\/?p=42145"},"modified":"2019-05-27T16:23:37","modified_gmt":"2019-05-27T15:23:37","slug":"el-alumnado-participante-del-proyecto-idealo-compartio-sus-proyectos-en-la-universidad-de-la-laguna","status":"publish","type":"post","link":"https:\/\/fg.ull.es\/noticias\/2019\/05\/27\/el-alumnado-participante-del-proyecto-idealo-compartio-sus-proyectos-en-la-universidad-de-la-laguna\/","title":{"rendered":"El alumnado participante del Proyecto Id\u00e9alo comparti\u00f3 sus proyectos en la Universidad de La Laguna"},"content":{"rendered":"<h3>La segunda Muestra de proyectos de Id\u00e9alo 2019 tuvo lugar, el pasado viernes 24 de mayo, en la Facultad de Econom\u00eda, Empresa y Turismo de la Universidad de La Laguna.\u00a0Durante este curso, m\u00e1s de 1000 estudiantes de diferentes centros educativos de la isla de Tenerife han sido part\u00edcipes de este proyecto.<\/h3>\n<p>El pasado viernes 24 de mayo se celebraba en la Universidad de La Laguna la segunda <a href=\"https:\/\/fg.ull.es\/empleo\/idealo\/\"><strong>Muestra de Ideas de Negocio Innovadoras del proyecto Id\u00e9alo 2019<\/strong><\/a>. Una iniciativa que ha sido posible gracias a la <strong><a href=\"https:\/\/fg.ull.es\/empleo\/emprende-ull\/\">Unidad de Emprendimiento de la Universidad de La Laguna<\/a><\/strong>, la financiaci\u00f3n de Fundaci\u00f3n DISA y la C\u00e1tedra Fundaci\u00f3n DISA de J\u00f3venes Emprendedores, y gracias a la colaboraci\u00f3n de la Consejer\u00eda de Educaci\u00f3n del Gobierno de Canarias. La Muestra se ha enmarcado en la <strong>VII Feria del Talento Emprendedor de la Universidad de La Laguna<\/strong>.<\/p>\n<p>La jornada cont\u00f3 con la presencia de <strong>diferentes centros educativos<\/strong> como fueron el CIFP Las Indias, CPEIPS Decroly, CPEIPS Hispano Ingl\u00e9s, IES Andr\u00e9s Bello, IES Rafael Arozarena, CPEIPS Caza Azul, IES Buenavista, CEO La Pared, IES Las Galletas y el CPEIPS Pureza de Mar\u00eda Los Realejos.<\/p>\n<p>Un total de <strong>55 estudiantes de ESO, Bachillerato y Formaci\u00f3n Profesional<\/strong> de estos centros, tuvieron la oportunidad de exponer los proyectos e ideas en los que han trabajado durante el curso escolar 2018-2019. Con esta iniciativa, el estudiantado ha podido aprender diferentes valores, aumentar su creatividad e imaginaci\u00f3n, al mismo tiempo que sacaban a luz su esp\u00edritu emprendedor. <strong>120 estudiantes de otros centros educativos <\/strong>acudieron a la exposici\u00f3n como visitantes.<\/p>\n<p>El alumnado comparti\u00f3 sus ideas de negocio a trav\u00e9s de <strong>productos audiovisuales.<\/strong> Un total de <strong>143 v\u00eddeos <\/strong>fueron entregados tras finalizar este programa formativo. Un comit\u00e9 de expertos del \u00e1mbito de la educaci\u00f3n, la innovaci\u00f3n, el emprendimiento y la tecnolog\u00eda se encarg\u00f3, tras un per\u00edodo de valoraci\u00f3n, de seleccionar las 12 ideas m\u00e1s destacadas pertenecientes a las diferentes categor\u00edas (ESO, Bachillerato y FP). Adem\u00e1s, el proyecto m\u00e1s votado por el p\u00fablico tambi\u00e9n obtuvo reconocimiento.<\/p>\n<p><a href=\"https:\/\/fg.ull.es\/empleo\/idealo\/\"><strong>Proyecto Id\u00e9alo<\/strong><\/a><\/p>\n<p><a href=\"https:\/\/fg.ull.es\/empleo\/idealo\/\"><strong>\u00a0<\/strong>Id\u00e9alo<\/a> es una iniciativa dirigida al profesorado y alumnado de educaci\u00f3n secundaria, bachillerato y formaci\u00f3n profesional. Su objetivo se basa principalmente en el <strong>fomento del esp\u00edritu emprendedor y las competencias digitales en las aulas<\/strong>, a trav\u00e9s de la creatividad y la innovaci\u00f3n aplicadas al desarrollo de proyectos de empresa.<\/p>\n<p>Este aprendizaje se lleva a cabo mediante un itinerario formativo que integra <strong>4 m\u00f3dulos online<\/strong> y que abarcan <strong>distintas actividades<\/strong> con las que el alumnado puede aprender, entre otras cosas, el autoconocimiento o el sentido de la iniciativa, la detecci\u00f3n de nuevas e innovadoras ideas que pueden convertirse en proyectos, el desarrollo de su modelo de negocio o la mejor manera de comunicar su producto final.<\/p>\n<p>Este a\u00f1o se puso en marcha la segunda edici\u00f3n de este proyecto, en la que han participado un total de <strong>25 centros educativos<\/strong> de la isla de Tenerife, contando as\u00ed con el compromiso y la implicaci\u00f3n de <strong>m\u00e1s de 1000 estudiantes<\/strong> que han tenido la posibilidad de desarrollar sus ideas innovadoras en base a la metodolog\u00eda <strong><em>&#8220;Lean Startup&#8221;<\/em><\/strong> que Id\u00e9alo promueve. Esta metodolog\u00eda combina el uso de las nuevas tecnolog\u00edas, el trabajo colaborativo y el enfoque del Aprendizaje Basado en Proyectos (ABP), a trav\u00e9s de la pr\u00e1ctica y la experimentaci\u00f3n.<\/p>\n<p>Esta iniciativa de la Unidad de Emprendimiento <strong>contin\u00faa apostando<\/strong> por el <strong>trabajo en equipo, el compa\u00f1erismo y la solidaridad<\/strong>, al mismo tiempo que se intenta conseguir un <strong>cambio en la cultura de la innovaci\u00f3n y el emprendimiento<\/strong> entre los j\u00f3venes.<\/p>\n<p>&nbsp;<\/p>\n<p>&nbsp;<\/p>\n","protected":false},"excerpt":{"rendered":"<p>La segunda Muestra de proyectos de Id\u00e9alo 2019 tuvo lugar, el pasado viernes 24 de mayo, en la Facultad de Econom\u00eda, Empresa y Turismo <\/p>\n","protected":false},"author":3,"featured_media":42147,"comment_status":"closed","ping_status":"closed","sticky":false,"template":"","format":"standard","meta":{"footnotes":""},"categories":[38,278,656],"tags":[281],"featured_image_thumbnail_url":"https:\/\/fg.ull.es\/noticias\/wp-content\/uploads\/sites\/2\/2019\/05\/IMG-20190527-WA0017-225x300.jpg","_links":{"self":[{"href":"https:\/\/fg.ull.es\/noticias\/wp-json\/wp\/v2\/posts\/42145"}],"collection":[{"href":"https:\/\/fg.ull.es\/noticias\/wp-json\/wp\/v2\/posts"}],"about":[{"href":"https:\/\/fg.ull.es\/noticias\/wp-json\/wp\/v2\/types\/post"}],"author":[{"embeddable":true,"href":"https:\/\/fg.ull.es\/noticias\/wp-json\/wp\/v2\/users\/3"}],"replies":[{"embeddable":true,"href":"https:\/\/fg.ull.es\/noticias\/wp-json\/wp\/v2\/comments?post=42145"}],"version-history":[{"count":1,"href":"https:\/\/fg.ull.es\/noticias\/wp-json\/wp\/v2\/posts\/42145\/revisions"}],"predecessor-version":[{"id":42146,"href":"https:\/\/fg.ull.es\/noticias\/wp-json\/wp\/v2\/posts\/42145\/revisions\/42146"}],"wp:featuredmedia":[{"embeddable":true,"href":"https:\/\/fg.ull.es\/noticias\/wp-json\/wp\/v2\/media\/42147"}],"wp:attachment":[{"href":"https:\/\/fg.ull.es\/noticias\/wp-json\/wp\/v2\/media?parent=42145"}],"wp:term":[{"taxonomy":"category","embeddable":true,"href":"https:\/\/fg.ull.es\/noticias\/wp-json\/wp\/v2\/categories?post=42145"},{"taxonomy":"post_tag","embeddable":true,"href":"https:\/\/fg.ull.es\/noticias\/wp-json\/wp\/v2\/tags?post=42145"}],"curies":[{"name":"wp","href":"https:\/\/api.w.org\/{rel}","templated":true}]}}