{"id":42115,"date":"2019-05-24T14:45:01","date_gmt":"2019-05-24T13:45:01","guid":{"rendered":"https:\/\/fg.ull.es\/noticias\/?p=42115"},"modified":"2023-03-24T10:29:44","modified_gmt":"2023-03-24T10:29:44","slug":"el-proyecto-ensenar-para-emprender-prepara-su-cierre-con-el-acto-solidario-liquida-y-comparte","status":"publish","type":"post","link":"https:\/\/fg.ull.es\/noticias\/2019\/05\/24\/el-proyecto-ensenar-para-emprender-prepara-su-cierre-con-el-acto-solidario-liquida-y-comparte\/","title":{"rendered":"El proyecto \u201cEnse\u00f1ar Para Emprender\u201d prepara su cierre con el acto solidario \u201cLiquida y Comparte\u201d"},"content":{"rendered":"<h3>Tendr\u00e1 lugar en el Sal\u00f3n de Actos de la Facultad de Educaci\u00f3n el pr\u00f3ximo 6 de junio; los ni\u00f1os y ni\u00f1as de las Cooperativas Escolares donar\u00e1n lo que han conseguido en la Feria a diferentes ONG.<\/h3>\n<p>El <strong>pasado 9 de mayo<\/strong> se celebraba, en la Plaza de la Concepci\u00f3n del municipio de La Laguna, la Feria de Cooperativas Escolares del proyecto <strong><a href=\"https:\/\/fg.ull.es\/epe\/\">Ense\u00f1ar Para Emprender (EPE)<\/a>, promovida por<\/strong> la Fundaci\u00f3n General de Universidad de La Laguna.<\/p>\n<p>Durante ese d\u00eda, el alumnado participante de este proyecto <strong>pon\u00eda a la venta<\/strong> los productos artesanales y la cosecha obtenida de los huertos de sus centros educativos, en lo que se denomin\u00f3 como un \u201cd\u00eda de mercado\u201d.<\/p>\n<p><strong>Tras la recaudaci\u00f3n obtenida<\/strong> en la Feria de Cooperativas Escolares, el alumnado participante proceder\u00e1 a entregar en el acto solidario <strong>\u201cLiquida y Comparte\u201d<\/strong>, parte de esos beneficios a entidades sociales y organismos sin \u00e1nimo de lucro. Ser\u00e1n los propios estudiantes quienes decidan a d\u00f3nde ir\u00e1n destinados esos recursos. La cita tendr\u00e1 lugar el <strong>pr\u00f3ximo d\u00eda 6 de junio<\/strong> en la Universidad de La Laguna.<\/p>\n<p>La novena edici\u00f3n del proyecto Ense\u00f1ar para Emprender (EPE) ha contado con la participaci\u00f3n de <strong>18 centros educativos, 32 cooperativas escolares y 600 estudiantes<\/strong>. Este proyecto ha servido para que los y las m\u00e1s j\u00f3venes se adentren el mundo de las cooperativas, conociendo as\u00ed, el \u00e1mbito del emprendimiento y las caracter\u00edsticas de la Econom\u00eda Social.<\/p>\n<p>El proyecto EPE ha sido posible gracias a la Fundaci\u00f3n General Universidad de La Laguna y su servicio de emprendimiento universitario, a la colaboraci\u00f3n de la Consejer\u00eda de Educaci\u00f3n del Gobierno de Canarias y la financiaci\u00f3n de la cooperativa Cajasiete, as\u00ed como del Ayuntamiento de San Crist\u00f3bal de La Laguna.<\/p>\n","protected":false},"excerpt":{"rendered":"<p>Tendr\u00e1 lugar en el Sal\u00f3n de Actos de la Facultad de Educaci\u00f3n el pr\u00f3ximo 6 de junio; los ni\u00f1os y ni\u00f1as de las Cooperativas Escolares donar\u00e1n lo que han conseguido en la Feria a diferentes ONG.<\/p>\n","protected":false},"author":3,"featured_media":42116,"comment_status":"closed","ping_status":"closed","sticky":false,"template":"","format":"standard","meta":{"footnotes":""},"categories":[38,374,278,1411,177,7],"tags":[40],"featured_image_thumbnail_url":"https:\/\/fg.ull.es\/noticias\/wp-content\/uploads\/sites\/2\/2019\/05\/PANTALLA1080x1920px-min-300x169.jpg","_links":{"self":[{"href":"https:\/\/fg.ull.es\/noticias\/wp-json\/wp\/v2\/posts\/42115"}],"collection":[{"href":"https:\/\/fg.ull.es\/noticias\/wp-json\/wp\/v2\/posts"}],"about":[{"href":"https:\/\/fg.ull.es\/noticias\/wp-json\/wp\/v2\/types\/post"}],"author":[{"embeddable":true,"href":"https:\/\/fg.ull.es\/noticias\/wp-json\/wp\/v2\/users\/3"}],"replies":[{"embeddable":true,"href":"https:\/\/fg.ull.es\/noticias\/wp-json\/wp\/v2\/comments?post=42115"}],"version-history":[{"count":1,"href":"https:\/\/fg.ull.es\/noticias\/wp-json\/wp\/v2\/posts\/42115\/revisions"}],"predecessor-version":[{"id":42117,"href":"https:\/\/fg.ull.es\/noticias\/wp-json\/wp\/v2\/posts\/42115\/revisions\/42117"}],"wp:featuredmedia":[{"embeddable":true,"href":"https:\/\/fg.ull.es\/noticias\/wp-json\/wp\/v2\/media\/42116"}],"wp:attachment":[{"href":"https:\/\/fg.ull.es\/noticias\/wp-json\/wp\/v2\/media?parent=42115"}],"wp:term":[{"taxonomy":"category","embeddable":true,"href":"https:\/\/fg.ull.es\/noticias\/wp-json\/wp\/v2\/categories?post=42115"},{"taxonomy":"post_tag","embeddable":true,"href":"https:\/\/fg.ull.es\/noticias\/wp-json\/wp\/v2\/tags?post=42115"}],"curies":[{"name":"wp","href":"https:\/\/api.w.org\/{rel}","templated":true}]}}