{"id":42081,"date":"2019-05-22T08:26:52","date_gmt":"2019-05-22T07:26:52","guid":{"rendered":"https:\/\/fg.ull.es\/noticias\/?p=42081"},"modified":"2019-05-22T08:52:13","modified_gmt":"2019-05-22T07:52:13","slug":"primer-listado-definitivo-de-la-convocatoria-de-seleccion-de-personal-para-el-desarrollo-de-actividades-de-gestion-administrativa-y-economica-de-las-actividades-del-plan-de-actuacion-de-la-fundacion-g","status":"publish","type":"post","link":"https:\/\/fg.ull.es\/noticias\/2019\/05\/22\/primer-listado-definitivo-de-la-convocatoria-de-seleccion-de-personal-para-el-desarrollo-de-actividades-de-gestion-administrativa-y-economica-de-las-actividades-del-plan-de-actuacion-de-la-fundacion-g\/","title":{"rendered":"Primer listado definitivo de la convocatoria de selecci\u00f3n de personal para el desarrollo de actividades de gesti\u00f3n administrativa y econ\u00f3mica de las actividades del plan de actuaci\u00f3n de la Fundaci\u00f3n General de la Universidad de La Laguna (convocatoria 2019BDE012)"},"content":{"rendered":"<p>Finalizado el periodo de alegaciones se procede a publicar el primer\u00a0listado definitivo de las candidaturas aceptadas y excluidas de la convocatoria<\/p>\n<ul>\n<li><a href=\"https:\/\/drive.google.com\/file\/d\/1Q3UVT5Gh58Acfg_hidykxVa68P_5JDxB\/view?usp=sharing\" target=\"_blank\" rel=\"noopener\">Primer listado definitivo<\/a><\/li>\n<\/ul>\n<p>S\u00f3lo las personas que han obtenido una puntuaci\u00f3n igual o superior a 10 puntos pasan a la 2\u00aa fase del proceso. La\u00a0prueba objetiva y la demostraci\u00f3n de los m\u00e9ritos se realizar\u00e1 el viernes 24 de mayo y las entrevistas el lunes 27 de mayo, ambos en horario de ma\u00f1ana (enviaremos un correo informativo antes del d\u00eda se\u00f1alado con indicaci\u00f3n de la hora y lugar).<\/p>\n<p>Para la valoraci\u00f3n de todas y cada una de las candidaturas se ha tomado\/tomar\u00e1 como fundamento lo especificado en la convocatoria.<\/p>\n<ul>\n<li><a href=\"https:\/\/drive.google.com\/file\/d\/1KC-minCTcUunr6ONDIAKHmA8pBTLZKOn\/view\" target=\"_blank\" rel=\"noopener\">Bases generales<\/a><\/li>\n<li><a href=\"https:\/\/drive.google.com\/file\/d\/10U7kqzB0n073aYUeomtXMeVuYqdFY8ZF\/view\" target=\"_blank\" rel=\"noopener\">Bases espec\u00edficas<\/a><\/li>\n<\/ul>\n<p>&nbsp;<\/p>\n","protected":false},"excerpt":{"rendered":"<p>Finalizado el periodo de alegaciones se procede a publicar el primer\u00a0listado definitivo de las candidaturas aceptadas y excluidas de la convocatoria Primer listado definitivo S\u00f3lo las personas que han obtenido una puntuaci\u00f3n igual o superior a 10 puntos pasan a la 2\u00aa fase del proceso. La\u00a0prueba objetiva y la demostraci\u00f3n de los m\u00e9ritos se realizar\u00e1&#8230;<\/p>\n","protected":false},"author":6,"featured_media":0,"comment_status":"closed","ping_status":"closed","sticky":false,"template":"","format":"standard","meta":{"footnotes":""},"categories":[232],"tags":[],"featured_image_thumbnail_url":null,"_links":{"self":[{"href":"https:\/\/fg.ull.es\/noticias\/wp-json\/wp\/v2\/posts\/42081"}],"collection":[{"href":"https:\/\/fg.ull.es\/noticias\/wp-json\/wp\/v2\/posts"}],"about":[{"href":"https:\/\/fg.ull.es\/noticias\/wp-json\/wp\/v2\/types\/post"}],"author":[{"embeddable":true,"href":"https:\/\/fg.ull.es\/noticias\/wp-json\/wp\/v2\/users\/6"}],"replies":[{"embeddable":true,"href":"https:\/\/fg.ull.es\/noticias\/wp-json\/wp\/v2\/comments?post=42081"}],"version-history":[{"count":5,"href":"https:\/\/fg.ull.es\/noticias\/wp-json\/wp\/v2\/posts\/42081\/revisions"}],"predecessor-version":[{"id":42086,"href":"https:\/\/fg.ull.es\/noticias\/wp-json\/wp\/v2\/posts\/42081\/revisions\/42086"}],"wp:attachment":[{"href":"https:\/\/fg.ull.es\/noticias\/wp-json\/wp\/v2\/media?parent=42081"}],"wp:term":[{"taxonomy":"category","embeddable":true,"href":"https:\/\/fg.ull.es\/noticias\/wp-json\/wp\/v2\/categories?post=42081"},{"taxonomy":"post_tag","embeddable":true,"href":"https:\/\/fg.ull.es\/noticias\/wp-json\/wp\/v2\/tags?post=42081"}],"curies":[{"name":"wp","href":"https:\/\/api.w.org\/{rel}","templated":true}]}}