{"id":42017,"date":"2019-05-16T09:32:52","date_gmt":"2019-05-16T08:32:52","guid":{"rendered":"https:\/\/fg.ull.es\/noticias\/?p=42017"},"modified":"2019-05-16T09:48:43","modified_gmt":"2019-05-16T08:48:43","slug":"primer-listado-provisional-de-la-convocatoria-de-seleccion-de-personal-para-el-desarrollo-de-actividades-de-gestion-administrativa-y-economica-de-las-actividades-del-plan-de-actuacion-de-la-fundacion","status":"publish","type":"post","link":"https:\/\/fg.ull.es\/noticias\/2019\/05\/16\/primer-listado-provisional-de-la-convocatoria-de-seleccion-de-personal-para-el-desarrollo-de-actividades-de-gestion-administrativa-y-economica-de-las-actividades-del-plan-de-actuacion-de-la-fundacion\/","title":{"rendered":"Primer listado provisional de la convocatoria de selecci\u00f3n de personal para el desarrollo de actividades de gesti\u00f3n administrativa y econ\u00f3mica de las actividades del plan de actuaci\u00f3n de la Fundaci\u00f3n General de la Universidad de La Laguna (convocatoria 2019BDE012)"},"content":{"rendered":"<p>Finalizado el periodo de inscripciones se procede a publicar el primer\u00a0listado provisional de las candidaturas aceptadas y excluidas de la convocatoria<\/p>\n<ul>\n<li><a href=\"https:\/\/drive.google.com\/file\/d\/10wKmySMVOyMWDp_inH8XctaBJHyZpiKQ\/view?usp=sharing\" target=\"_blank\" rel=\"noopener\"><strong>Primer listado provisional<\/strong><\/a><\/li>\n<\/ul>\n<p>Las alegaciones \u00fanica y exclusivamente se podr\u00e1n presentar, del <strong>17\/05\/2019 al 21\/05\/2019<\/strong>, por correo electr\u00f3nico a <strong>seleccion@fg.ull.es<\/strong> y utilizando el siguiente\u00a0<strong>documento de<\/strong> <strong>alegaciones (<a href=\"https:\/\/drive.google.com\/file\/d\/1zgOqJxR_MeJOlGKzZbcmPss_aCA8ayoj\/view?usp=sharing\" target=\"_blank\" rel=\"noopener\">DOCX<\/a>, <a href=\"https:\/\/drive.google.com\/file\/d\/1FZqF9Nij9wjjxy52qjc1KOMuPU3a9Bsw\/view?usp=sharing\" target=\"_blank\" rel=\"noopener\">PDF<\/a>, <a href=\"https:\/\/drive.google.com\/file\/d\/15bVRD7ZRmBaSJKnq7jgsODG9eSqFr4Yq\/view?usp=sharing\" target=\"_blank\" rel=\"noopener\">ODT<\/a>)<\/strong>. Finalizado ese periodo, y resueltas las alegaciones que se presenten, se proceder\u00e1 a publicar el primer listado definitivo.<\/p>\n<p>Para la valoraci\u00f3n de todas y cada una de las candidaturas se ha tomado\/tomar\u00e1 como fundamento lo especificado en la convocatoria:<\/p>\n<p>&#8211;<a href=\"https:\/\/drive.google.com\/file\/d\/1KC-minCTcUunr6ONDIAKHmA8pBTLZKOn\/view\" target=\"_blank\" rel=\"noopener\">Bases generales<\/a><\/p>\n<p>&#8211;<a href=\"https:\/\/drive.google.com\/file\/d\/10U7kqzB0n073aYUeomtXMeVuYqdFY8ZF\/view\" target=\"_blank\" rel=\"noopener\">Bases espec\u00edficas<\/a><\/p>\n","protected":false},"excerpt":{"rendered":"<p>Finalizado el periodo de inscripciones se procede a publicar el primer\u00a0listado provisional de las candidaturas aceptadas y excluidas de la convocatoria Primer listado provisional Las alegaciones \u00fanica y exclusivamente se podr\u00e1n presentar, del 17\/05\/2019 al 21\/05\/2019, por correo electr\u00f3nico a seleccion@fg.ull.es y utilizando el siguiente\u00a0documento de alegaciones (DOCX, PDF, ODT). Finalizado ese periodo, y resueltas&#8230;<\/p>\n","protected":false},"author":6,"featured_media":0,"comment_status":"closed","ping_status":"closed","sticky":false,"template":"","format":"standard","meta":{"footnotes":""},"categories":[232],"tags":[],"featured_image_thumbnail_url":null,"_links":{"self":[{"href":"https:\/\/fg.ull.es\/noticias\/wp-json\/wp\/v2\/posts\/42017"}],"collection":[{"href":"https:\/\/fg.ull.es\/noticias\/wp-json\/wp\/v2\/posts"}],"about":[{"href":"https:\/\/fg.ull.es\/noticias\/wp-json\/wp\/v2\/types\/post"}],"author":[{"embeddable":true,"href":"https:\/\/fg.ull.es\/noticias\/wp-json\/wp\/v2\/users\/6"}],"replies":[{"embeddable":true,"href":"https:\/\/fg.ull.es\/noticias\/wp-json\/wp\/v2\/comments?post=42017"}],"version-history":[{"count":9,"href":"https:\/\/fg.ull.es\/noticias\/wp-json\/wp\/v2\/posts\/42017\/revisions"}],"predecessor-version":[{"id":42027,"href":"https:\/\/fg.ull.es\/noticias\/wp-json\/wp\/v2\/posts\/42017\/revisions\/42027"}],"wp:attachment":[{"href":"https:\/\/fg.ull.es\/noticias\/wp-json\/wp\/v2\/media?parent=42017"}],"wp:term":[{"taxonomy":"category","embeddable":true,"href":"https:\/\/fg.ull.es\/noticias\/wp-json\/wp\/v2\/categories?post=42017"},{"taxonomy":"post_tag","embeddable":true,"href":"https:\/\/fg.ull.es\/noticias\/wp-json\/wp\/v2\/tags?post=42017"}],"curies":[{"name":"wp","href":"https:\/\/api.w.org\/{rel}","templated":true}]}}