{"id":41976,"date":"2019-05-13T14:40:27","date_gmt":"2019-05-13T13:40:27","guid":{"rendered":"https:\/\/fg.ull.es\/noticias\/?p=41976"},"modified":"2019-05-17T08:52:14","modified_gmt":"2019-05-17T07:52:14","slug":"resolucion-definitiva-de-adjudicaciones-del-programa-inmersion-linguistica-y-laboral-verano-2019","status":"publish","type":"post","link":"https:\/\/fg.ull.es\/noticias\/2019\/05\/13\/resolucion-definitiva-de-adjudicaciones-del-programa-inmersion-linguistica-y-laboral-verano-2019\/","title":{"rendered":"Resoluci\u00f3n definitiva de adjudicaciones del \u201cPrograma inmersi\u00f3n ling\u00fc\u00edstica y laboral: verano 2019\u201d"},"content":{"rendered":"<p>Finalizado el periodo de alegaciones y resueltas se publican los listados definitivos de adjudicaciones y reservas:<\/p>\n<ul>\n<li><a href=\"https:\/\/drive.google.com\/file\/d\/1bVDZ5a-F0HCBXuzYxWCjuAg9QeqHsfzn\/view?usp=sharing\" target=\"_blank\" rel=\"noopener\">Resoluci\u00f3n definitiva de adjudicaciones y reservas<\/a><\/li>\n<li>Documento de aceptaci\u00f3n\/no aceptaci\u00f3n (<a href=\"https:\/\/drive.google.com\/open?id=1at3JIey9OdQsxflmxc33kwN31ktB5bNZ\" target=\"_blank\" rel=\"noopener\">word<\/a>, <a href=\"https:\/\/drive.google.com\/file\/d\/1YkKd0tIy1anp0rTLiHATiqJ34_Lam6cH\/view?usp=sharing\" target=\"_blank\" rel=\"noopener\">pdf<\/a>, <a href=\"https:\/\/drive.google.com\/file\/d\/1OXKoRIWUtaRgqtjdgB1l_WuMi0LFqy5Z\/view?usp=sharing\" target=\"_blank\" rel=\"noopener\">odt<\/a>)<\/li>\n<li>CV Europass en ingl\u00e9s: <a href=\"https:\/\/europass.cedefop.europa.eu\/es\/documents\/curriculum-vitae\">https:\/\/europass.cedefop.europa.eu\/es\/documents\/curriculum-vitae<\/a><\/li>\n<\/ul>\n<p>Se establece un plazo de 5 d\u00edas h\u00e1biles, que finaliza el pr\u00f3ximo lunes 20 de mayo de 2019, para que las personas que han obtenido la ayuda firmen la aceptaci\u00f3n o no aceptaci\u00f3n de la misma, que se podr\u00e1 hacer enviando el documento de aceptaci\u00f3n firmado al correo electr\u00f3nico <a href=\"mailto:formacion@fg.ull.es\">formacion@fg.ull.es<\/a>\u00a0 o entreg\u00e1ndolo en la secretar\u00eda de la Fundaci\u00f3n, junto con el cv en formato Europass.<\/p>\n<p>Para la valoraci\u00f3n de todas y cada una de las candidaturas se ha tomado\/tomar\u00e1 como fundamento lo especificado en las bases de la <a href=\"https:\/\/drive.google.com\/open?id=1w8V_PVnNqbO58IvWLISnFTbESa9G7hRM\" target=\"_blank\" rel=\"noopener\">convocatoria<\/a>.<\/p>\n","protected":false},"excerpt":{"rendered":"<p>Finalizado el periodo de alegaciones y resueltas se publican los listados definitivos de adjudicaciones y reservas: Resoluci\u00f3n definitiva de adjudicaciones y reservas Documento de aceptaci\u00f3n\/no aceptaci\u00f3n (word, pdf, odt) CV Europass en ingl\u00e9s: https:\/\/europass.cedefop.europa.eu\/es\/documents\/curriculum-vitae Se establece un plazo de 5 d\u00edas h\u00e1biles, que finaliza el pr\u00f3ximo lunes 20 de mayo de 2019, para que las&#8230;<\/p>\n","protected":false},"author":6,"featured_media":0,"comment_status":"closed","ping_status":"closed","sticky":false,"template":"","format":"standard","meta":{"footnotes":""},"categories":[232],"tags":[],"featured_image_thumbnail_url":null,"_links":{"self":[{"href":"https:\/\/fg.ull.es\/noticias\/wp-json\/wp\/v2\/posts\/41976"}],"collection":[{"href":"https:\/\/fg.ull.es\/noticias\/wp-json\/wp\/v2\/posts"}],"about":[{"href":"https:\/\/fg.ull.es\/noticias\/wp-json\/wp\/v2\/types\/post"}],"author":[{"embeddable":true,"href":"https:\/\/fg.ull.es\/noticias\/wp-json\/wp\/v2\/users\/6"}],"replies":[{"embeddable":true,"href":"https:\/\/fg.ull.es\/noticias\/wp-json\/wp\/v2\/comments?post=41976"}],"version-history":[{"count":6,"href":"https:\/\/fg.ull.es\/noticias\/wp-json\/wp\/v2\/posts\/41976\/revisions"}],"predecessor-version":[{"id":42047,"href":"https:\/\/fg.ull.es\/noticias\/wp-json\/wp\/v2\/posts\/41976\/revisions\/42047"}],"wp:attachment":[{"href":"https:\/\/fg.ull.es\/noticias\/wp-json\/wp\/v2\/media?parent=41976"}],"wp:term":[{"taxonomy":"category","embeddable":true,"href":"https:\/\/fg.ull.es\/noticias\/wp-json\/wp\/v2\/categories?post=41976"},{"taxonomy":"post_tag","embeddable":true,"href":"https:\/\/fg.ull.es\/noticias\/wp-json\/wp\/v2\/tags?post=41976"}],"curies":[{"name":"wp","href":"https:\/\/api.w.org\/{rel}","templated":true}]}}