{"id":41872,"date":"2019-05-07T07:50:48","date_gmt":"2019-05-07T06:50:48","guid":{"rendered":"https:\/\/fg.ull.es\/noticias\/?p=41872"},"modified":"2019-05-07T07:50:48","modified_gmt":"2019-05-07T06:50:48","slug":"resolucion-definitiva-de-admisiones-y-exclusiones-del-programa-inmersion-linguistica-y-laboral-verano-2019","status":"publish","type":"post","link":"https:\/\/fg.ull.es\/noticias\/2019\/05\/07\/resolucion-definitiva-de-admisiones-y-exclusiones-del-programa-inmersion-linguistica-y-laboral-verano-2019\/","title":{"rendered":"Resoluci\u00f3n definitiva de admisiones y exclusiones del \u201cPrograma inmersi\u00f3n ling\u00fc\u00edstica y laboral: verano 2019\u201d"},"content":{"rendered":"<p>Finalizado el periodo de alegaciones y resueltas estas se publican los listados definitivos de solicitudes admitidas y excluidas del procedimiento:<\/p>\n<p><a href=\"https:\/\/drive.google.com\/file\/d\/1eOkbFDRbKMzeiv2l0_bUpsg7LZuNMERO\/view?usp=sharing\" target=\"_blank\" rel=\"noopener\">Listado definitivo de admisiones<\/a> (Figurar en este listado no significa tener concedida la beca)<\/p>\n<p><a href=\"https:\/\/drive.google.com\/file\/d\/1yeO3fm7VlRxklP_RE4X8m3-OZFBbFxZZ\/view?usp=sharing\" target=\"_blank\" rel=\"noopener\">Listado definitivo de exclusiones<\/a><\/p>\n<p>La publicaci\u00f3n de los listados provisionales de adjudicaciones se har\u00e1 una vez baremadas las candidaturas<\/p>\n<p>Para la valoraci\u00f3n de todas y cada una de las candidaturas se ha tomado\/tomar\u00e1 como fundamento lo especificado en las bases de la <a href=\"https:\/\/drive.google.com\/open?id=1w8V_PVnNqbO58IvWLISnFTbESa9G7hRM\" target=\"_blank\" rel=\"noopener\">convocatoria<\/a>.<\/p>\n","protected":false},"excerpt":{"rendered":"<p>Finalizado el periodo de alegaciones y resueltas estas se publican los listados definitivos de solicitudes admitidas y excluidas del procedimiento: Listado definitivo de admisiones (Figurar en este listado no significa tener concedida la beca) Listado definitivo de exclusiones La publicaci\u00f3n de los listados provisionales de adjudicaciones se har\u00e1 una vez baremadas las candidaturas Para la&#8230;<\/p>\n","protected":false},"author":6,"featured_media":0,"comment_status":"closed","ping_status":"closed","sticky":false,"template":"","format":"standard","meta":{"footnotes":""},"categories":[232],"tags":[],"featured_image_thumbnail_url":null,"_links":{"self":[{"href":"https:\/\/fg.ull.es\/noticias\/wp-json\/wp\/v2\/posts\/41872"}],"collection":[{"href":"https:\/\/fg.ull.es\/noticias\/wp-json\/wp\/v2\/posts"}],"about":[{"href":"https:\/\/fg.ull.es\/noticias\/wp-json\/wp\/v2\/types\/post"}],"author":[{"embeddable":true,"href":"https:\/\/fg.ull.es\/noticias\/wp-json\/wp\/v2\/users\/6"}],"replies":[{"embeddable":true,"href":"https:\/\/fg.ull.es\/noticias\/wp-json\/wp\/v2\/comments?post=41872"}],"version-history":[{"count":2,"href":"https:\/\/fg.ull.es\/noticias\/wp-json\/wp\/v2\/posts\/41872\/revisions"}],"predecessor-version":[{"id":41874,"href":"https:\/\/fg.ull.es\/noticias\/wp-json\/wp\/v2\/posts\/41872\/revisions\/41874"}],"wp:attachment":[{"href":"https:\/\/fg.ull.es\/noticias\/wp-json\/wp\/v2\/media?parent=41872"}],"wp:term":[{"taxonomy":"category","embeddable":true,"href":"https:\/\/fg.ull.es\/noticias\/wp-json\/wp\/v2\/categories?post=41872"},{"taxonomy":"post_tag","embeddable":true,"href":"https:\/\/fg.ull.es\/noticias\/wp-json\/wp\/v2\/tags?post=41872"}],"curies":[{"name":"wp","href":"https:\/\/api.w.org\/{rel}","templated":true}]}}