{"id":41868,"date":"2019-05-06T14:22:46","date_gmt":"2019-05-06T13:22:46","guid":{"rendered":"https:\/\/fg.ull.es\/noticias\/?p=41868"},"modified":"2019-05-06T14:22:46","modified_gmt":"2019-05-06T13:22:46","slug":"arona-muestra-ideas-de-negocio-innovadoras-a-traves-del-proyecto-idealo","status":"publish","type":"post","link":"https:\/\/fg.ull.es\/noticias\/2019\/05\/06\/arona-muestra-ideas-de-negocio-innovadoras-a-traves-del-proyecto-idealo\/","title":{"rendered":"Arona Muestra Ideas de Negocio Innovadoras a trav\u00e9s del proyecto Id\u00e9alo"},"content":{"rendered":"<h3 style=\"font-weight: 400\"><strong>Tras varios meses de trabajo, el alumnado de los Institutos de Educaci\u00f3n Secundaria, Bachillerato y Formaci\u00f3n Profesional del IES Las Galletas y el IES Los Cristianos ha expuesto sus propias ideas de emprendimiento e innovaci\u00f3n en el Centro C\u00edvico de El Fraile<\/strong><\/h3>\n<p style=\"font-weight: 400\">Un evento promovido por el \u00e1rea de Promoci\u00f3n Econ\u00f3mica y Empleo del Ayuntamiento de Arona en sinergia con la Unidad de Emprendimiento de la Universidad de La Laguna, dentro del convenio ARN Innova 2017\/2019, con el objetivo de fomentar la Innovaci\u00f3n Empresarial en el municipio.<\/p>\n<p style=\"font-weight: 400\">M\u00e1s de 150 personas, entre alumnado profesorado y profesionales del \u00e1mbito emprendedor han compartido una jornada completa en la que los alumnos y alumnas han expuesto proyectos muy originales y creativos. Durante siete meses, el alumnado participante de Id\u00e9alo, ha estado trabajando en equipo en la b\u00fasqueda y desarrollo de una idea de negocio innovadora para, finalmente, llevar a cabo esta presentaci\u00f3n en formato audiovisual.<\/p>\n<p style=\"font-weight: 400\">En los talleres previos a la muestra de ideas, participaron m\u00e1s de 90 estudiantes del IES Los Cristianos, procedentes de tercero y cuarto de ESO, y primero y segundo de Bachillerato y m\u00e1s de 130 personas del colectivo estudiantil del IES Las Galletas, correspondientes a los niveleles de Secundaria y dos Ciclos de Formaci\u00f3n profesional. Datos que representan en enorme \u00e9xito que ha demostrado la actividad en el municipio.<\/p>\n<p style=\"font-weight: 400\"><strong>\u00a8Id\u00e9alo\u00a8 en Arona<\/strong><\/p>\n<p style=\"font-weight: 400\">El Proyecto Id\u00e9alo es una iniciativa dirigida al alumnado y profesorado de Educaci\u00f3n Secundaria, Bachillerato y Formaci\u00f3n Profesional de centros educativos p\u00fablicos, privados y concertados del municipio de Arona. El objetivo es que los alumnos y alumnas desarrollen un proyecto empresarial innovador, con la colaboraci\u00f3n de los docentes de su centro y la asistencia de profesionales en emprendimiento.<\/p>\n<p style=\"font-weight: 400\">El prop\u00f3sito es fomentar el esp\u00edritu emprendedor entre los y las j\u00f3venes, a trav\u00e9s de conocimientos, habilidades y destrezas. Una actividad, que promueve el trabajo en equipo, con la que tendr\u00e1n que crear un modelo de negocio diferente, que cubra una necesidad de mercado. Durante esta iniciativa, el estudiantado, colabora y pone en pr\u00e1ctica distintas herramientas audiovisuales, con acciones que se desarrollan en el aula en base a la metodolog\u00eda\u00a0<em>Lean Startup,<\/em>\u00a0y a trav\u00e9s del uso del juego para la transmisi\u00f3n de conocimientos, lo que favorece la potenciaci\u00f3n de la motivaci\u00f3n personal.<\/p>\n<p style=\"font-weight: 400\">El programa de este proyecto se ha estructurado en cuatro m\u00f3dulos en los que el alumnado ha aprendido t\u00e9cnicas de emprendimiento, pautas para detectar proyectos innovadores, conceptos creativos, el m\u00e9todo CANVAS, o c\u00f3mo transmitir su idea de negocio.<\/p>\n<p style=\"font-weight: 400\">Como se ha comprobado en las dos ediciones de este proyecto, el alumnado se divierte aprendiendo e innovando durante los meses de trabajo, y se ilusiona a la hora de exponer el proyecto final en el que han desarrollado su idea, que en todos los casos podr\u00eda tener viabilidad para llevar a cabo un modelo de negocio.<\/p>\n<p style=\"font-weight: 400\">La concejala del \u00e1rea de Promoci\u00f3n Econ\u00f3mica, D\u00e1cil Le\u00f3n, ha estado acompa\u00f1ada por la concejala de Juventud, Yolanda Mendoza, en un acto en el que la edil de Promoci\u00f3n Econ\u00f3mica ha manifestado que \u201cel trabajo que realiza el alumnado durante tantos meses es impecable, pero sobre todo a la hora de exponer el proyecto se refleja todo lo que hay detr\u00e1s de sus ideas. Valores muy importantes con los que se fomenta el trabajo en equipo, la innovaci\u00f3n, la creatividad y el desarrollo personal\u201d, a\u00f1adiendo que \u201cId\u00e9alo se ha convertido en una herramienta clave en los centros educativos y su \u00e9xito est\u00e1 demostrado. Los alumnos y alumnas de nuestro municipio ya saben c\u00f3mo poder llevar a cabo una modelo de negocio, desarrollarlo y defenderlo. Una oportunidad que abre puertas al futuro.\u201d<\/p>\n","protected":false},"excerpt":{"rendered":"<p>Tras varios meses de trabajo, el alumnado de los Institutos de Educaci\u00f3n Secundaria, Bachillerato y Formaci\u00f3n Profesional del IES Las Galletas y el IES Los Cristianos ha expuesto sus propias ideas de emprendimiento e innovaci\u00f3n en el Centro C\u00edvico de El Fraile<\/p>\n","protected":false},"author":3,"featured_media":41871,"comment_status":"closed","ping_status":"closed","sticky":false,"template":"","format":"standard","meta":{"footnotes":""},"categories":[38,374,278,4],"tags":[202,281],"featured_image_thumbnail_url":"https:\/\/fg.ull.es\/noticias\/wp-content\/uploads\/sites\/2\/2019\/05\/WhatsApp-Image-2019-05-02-at-12.57.02-300x225.jpeg","_links":{"self":[{"href":"https:\/\/fg.ull.es\/noticias\/wp-json\/wp\/v2\/posts\/41868"}],"collection":[{"href":"https:\/\/fg.ull.es\/noticias\/wp-json\/wp\/v2\/posts"}],"about":[{"href":"https:\/\/fg.ull.es\/noticias\/wp-json\/wp\/v2\/types\/post"}],"author":[{"embeddable":true,"href":"https:\/\/fg.ull.es\/noticias\/wp-json\/wp\/v2\/users\/3"}],"replies":[{"embeddable":true,"href":"https:\/\/fg.ull.es\/noticias\/wp-json\/wp\/v2\/comments?post=41868"}],"version-history":[{"count":1,"href":"https:\/\/fg.ull.es\/noticias\/wp-json\/wp\/v2\/posts\/41868\/revisions"}],"predecessor-version":[{"id":41869,"href":"https:\/\/fg.ull.es\/noticias\/wp-json\/wp\/v2\/posts\/41868\/revisions\/41869"}],"wp:featuredmedia":[{"embeddable":true,"href":"https:\/\/fg.ull.es\/noticias\/wp-json\/wp\/v2\/media\/41871"}],"wp:attachment":[{"href":"https:\/\/fg.ull.es\/noticias\/wp-json\/wp\/v2\/media?parent=41868"}],"wp:term":[{"taxonomy":"category","embeddable":true,"href":"https:\/\/fg.ull.es\/noticias\/wp-json\/wp\/v2\/categories?post=41868"},{"taxonomy":"post_tag","embeddable":true,"href":"https:\/\/fg.ull.es\/noticias\/wp-json\/wp\/v2\/tags?post=41868"}],"curies":[{"name":"wp","href":"https:\/\/api.w.org\/{rel}","templated":true}]}}