{"id":41838,"date":"2019-05-03T14:34:01","date_gmt":"2019-05-03T13:34:01","guid":{"rendered":"https:\/\/fg.ull.es\/noticias\/?p=41838"},"modified":"2019-05-06T09:57:41","modified_gmt":"2019-05-06T08:57:41","slug":"convocatoria-de-seleccion-de-personal-para-el-desarrollo-de-actividades-de-gestion-administrativa-y-economica-de-las-actividades-del-plan-de-actuacion-de-la-fundacion-general-de-la-universidad-de-la-l","status":"publish","type":"post","link":"https:\/\/fg.ull.es\/noticias\/2019\/05\/03\/convocatoria-de-seleccion-de-personal-para-el-desarrollo-de-actividades-de-gestion-administrativa-y-economica-de-las-actividades-del-plan-de-actuacion-de-la-fundacion-general-de-la-universidad-de-la-l\/","title":{"rendered":"Convocatoria de selecci\u00f3n de personal para el desarrollo de actividades de gesti\u00f3n administrativa y econ\u00f3mica de las actividades del plan de actuaci\u00f3n de la Fundaci\u00f3n General de la Universidad de La Laguna \u2013 2019BDE012"},"content":{"rendered":"<section class=\"wpb-content-wrapper\"><p>[vc_row][vc_column][vc_column_text]<\/p>\n<h3><strong>El periodo de inscripci\u00f3n se inicia el\u00a0d\u00eda\u00a0 03\/05\/2019 y finaliza el pr\u00f3ximo 08\/05\/2019 a las 23:59 horas. Las personas interesadas\u00a0en participar en el proceso de selecci\u00f3n deben presentar su candidatura desde la sede electr\u00f3nica de la Fundaci\u00f3n.<\/strong><\/h3>\n<p>A trav\u00e9s de este medio se abre el proceso de inscripci\u00f3n participar en el proceso de selecci\u00f3n de <span style=\"font-weight: 400\">personal que conformar\u00e1n una bolsa de empleo de un m\u00e1ximo de 15 personas para cubrir eventuales plazas vacantes, para la realizaci\u00f3n de trabajos relacionadas con el desarrollo de actividades de gesti\u00f3n administrativa y econ\u00f3mica de las actividades del plan de actuaci\u00f3n de la Fundaci\u00f3n General de la Universidad de La Laguna,<\/span><\/p>\n<p>Las personas interesadas que cumplan los requisitos expuestos en las bases podr\u00e1n participar en el mismo.<\/p>\n<p>Para la inscripci\u00f3n es totalmente necesario el cumplimiento de los requisitos expuestos en las bases generales y perfil singular de la convocatoria que se presentan a continuaci\u00f3n:[\/vc_column_text][vc_empty_space][\/vc_column][\/vc_row][vc_row][vc_column width=&#8221;1\/2&#8243;][vc_column_text]<\/p>\n<h4>Bases generales<\/h4>\n<p>[\/vc_column_text][\/vc_column][vc_column width=&#8221;1\/2&#8243;][vc_btn title=&#8221;Descargar Bases Generales&#8221; style=&#8221;custom&#8221; custom_background=&#8221;#c2185b&#8221; custom_text=&#8221;#ffffff&#8221; shape=&#8221;square&#8221; align=&#8221;center&#8221; i_align=&#8221;right&#8221; i_icon_fontawesome=&#8221;fa fa-arrow-circle-o-down&#8221; button_block=&#8221;true&#8221; add_icon=&#8221;true&#8221; link=&#8221;url:https%3A%2F%2Fdrive.google.com%2Ffile%2Fd%2F1KC-minCTcUunr6ONDIAKHmA8pBTLZKOn%2Fview%3Fusp%3Dsharing||target:%20_blank|&#8221;][\/vc_column][\/vc_row][vc_row][vc_column][vc_separator][\/vc_column][\/vc_row][vc_row][vc_column width=&#8221;1\/2&#8243;][vc_column_text]<\/p>\n<h4>Perfil singular<\/h4>\n<p>[\/vc_column_text][\/vc_column][vc_column width=&#8221;1\/2&#8243;][vc_btn title=&#8221;Descargar Perfil Singular&#8221; style=&#8221;custom&#8221; custom_background=&#8221;#c2185b&#8221; custom_text=&#8221;#ffffff&#8221; shape=&#8221;square&#8221; align=&#8221;center&#8221; i_align=&#8221;right&#8221; i_icon_fontawesome=&#8221;fa fa-file-pdf-o&#8221; button_block=&#8221;true&#8221; add_icon=&#8221;true&#8221; link=&#8221;url:https%3A%2F%2Fdrive.google.com%2Ffile%2Fd%2F1RlAErXuoTeoBSQnSFCUBtzH_5QDAqYGI%2Fview%3Fusp%3Dsharing||target:%20_blank|&#8221;][\/vc_column][\/vc_row][vc_row][vc_column][vc_separator][\/vc_column][\/vc_row][vc_row][vc_column width=&#8221;2\/4&#8243;][vc_column_text]<\/p>\n<h4>Anexo I. Documento de Autobaremaci\u00f3n<\/h4>\n<p>[\/vc_column_text][\/vc_column][vc_column width=&#8221;1\/4&#8243;][vc_btn title=&#8221;(PDF)&#8221; shape=&#8221;square&#8221; color=&#8221;inverse&#8221; align=&#8221;center&#8221; i_align=&#8221;right&#8221; i_icon_fontawesome=&#8221;fa fa-file-pdf-o&#8221; button_block=&#8221;true&#8221; add_icon=&#8221;true&#8221; link=&#8221;url:https%3A%2F%2Fdrive.google.com%2Ffile%2Fd%2F1m2-VS0pAVP1zVN8DQ7mxNwQC-U_cIY_i%2Fview%3Fusp%3Dsharing||target:%20_blank|&#8221;][vc_btn title=&#8221;(Docx)&#8221; shape=&#8221;square&#8221; color=&#8221;inverse&#8221; align=&#8221;center&#8221; i_align=&#8221;right&#8221; i_icon_fontawesome=&#8221;fa fa-file-word-o&#8221; button_block=&#8221;true&#8221; add_icon=&#8221;true&#8221; link=&#8221;url:https%3A%2F%2Fdrive.google.com%2Ffile%2Fd%2F1gtN5vHugSdAcuOgB4AmSeZSqI2zQeE2I%2Fview%3Fusp%3Dsharing||target:%20_blank|&#8221;][vc_btn title=&#8221; (Odt)&#8221; shape=&#8221;square&#8221; color=&#8221;inverse&#8221; align=&#8221;center&#8221; i_align=&#8221;right&#8221; i_icon_fontawesome=&#8221;fa fa-file-text-o&#8221; button_block=&#8221;true&#8221; add_icon=&#8221;true&#8221; link=&#8221;url:https%3A%2F%2Fdrive.google.com%2Ffile%2Fd%2F1cVUjrFyzP2CLahLwtT6yLBhor6LFuMYE%2Fview%3Fusp%3Dsharing||target:%20_blank|&#8221;][\/vc_column][\/vc_row][vc_row][vc_column][vc_separator][\/vc_column][\/vc_row][vc_row][vc_column width=&#8221;1\/2&#8243;][vc_column_text]<\/p>\n<h4><strong>Inscripci\u00f3n en la sede electr\u00f3nica:<\/strong><\/h4>\n<p>[\/vc_column_text][\/vc_column][vc_column width=&#8221;1\/2&#8243;][vc_btn title=&#8221;Inscripci\u00f3n aqu\u00ed &#8221; style=&#8221;custom&#8221; custom_background=&#8221;#da8a00&#8243; custom_text=&#8221;#ffffff&#8221; shape=&#8221;square&#8221; size=&#8221;lg&#8221; align=&#8221;center&#8221; i_align=&#8221;right&#8221; i_icon_fontawesome=&#8221;fa fa-plus-circle&#8221; button_block=&#8221;true&#8221; add_icon=&#8221;true&#8221; link=&#8221;url:https%3A%2F%2Fsede.fg.ull.es%2Fes%2Fempleo%2Fdetalle%2Fa19230090%2Ffundacion-general-de-la-universidad-de-la-laguna-agencia-universitaria-de-innovacion||target:%20_blank|&#8221;][\/vc_column][\/vc_row]<\/p>\n<\/section>","protected":false},"excerpt":{"rendered":"<p>[vc_row][vc_column][vc_column_text] El periodo de inscripci\u00f3n se inicia el\u00a0d\u00eda\u00a0 03\/05\/2019 y finaliza el pr\u00f3ximo 08\/05\/2019 a las 23:59 horas. Las personas interesadas\u00a0en participar en el proceso de selecci\u00f3n deben presentar su candidatura desde la sede electr\u00f3nica de la Fundaci\u00f3n. A trav\u00e9s de este medio se abre el proceso de inscripci\u00f3n participar en el proceso de selecci\u00f3n&#8230;<\/p>\n","protected":false},"author":9,"featured_media":0,"comment_status":"closed","ping_status":"closed","sticky":false,"template":"","format":"standard","meta":{"footnotes":""},"categories":[52,232],"tags":[],"featured_image_thumbnail_url":null,"_links":{"self":[{"href":"https:\/\/fg.ull.es\/noticias\/wp-json\/wp\/v2\/posts\/41838"}],"collection":[{"href":"https:\/\/fg.ull.es\/noticias\/wp-json\/wp\/v2\/posts"}],"about":[{"href":"https:\/\/fg.ull.es\/noticias\/wp-json\/wp\/v2\/types\/post"}],"author":[{"embeddable":true,"href":"https:\/\/fg.ull.es\/noticias\/wp-json\/wp\/v2\/users\/9"}],"replies":[{"embeddable":true,"href":"https:\/\/fg.ull.es\/noticias\/wp-json\/wp\/v2\/comments?post=41838"}],"version-history":[{"count":7,"href":"https:\/\/fg.ull.es\/noticias\/wp-json\/wp\/v2\/posts\/41838\/revisions"}],"predecessor-version":[{"id":41867,"href":"https:\/\/fg.ull.es\/noticias\/wp-json\/wp\/v2\/posts\/41838\/revisions\/41867"}],"wp:attachment":[{"href":"https:\/\/fg.ull.es\/noticias\/wp-json\/wp\/v2\/media?parent=41838"}],"wp:term":[{"taxonomy":"category","embeddable":true,"href":"https:\/\/fg.ull.es\/noticias\/wp-json\/wp\/v2\/categories?post=41838"},{"taxonomy":"post_tag","embeddable":true,"href":"https:\/\/fg.ull.es\/noticias\/wp-json\/wp\/v2\/tags?post=41838"}],"curies":[{"name":"wp","href":"https:\/\/api.w.org\/{rel}","templated":true}]}}