{"id":41625,"date":"2019-04-16T10:28:51","date_gmt":"2019-04-16T09:28:51","guid":{"rendered":"https:\/\/fg.ull.es\/noticias\/?p=41625"},"modified":"2019-04-22T10:33:44","modified_gmt":"2019-04-22T09:33:44","slug":"se-amplia-la-inscripcion-de-la-convocatoria-de-seleccion-de-personal-para-conformar-una-bolsa-de-empleo-para-el-desarrollo-de-acciones-de-diseno-grafico-en-el-gabinete-de-comunicacion-de-la-fundacion","status":"publish","type":"post","link":"https:\/\/fg.ull.es\/noticias\/2019\/04\/16\/se-amplia-la-inscripcion-de-la-convocatoria-de-seleccion-de-personal-para-conformar-una-bolsa-de-empleo-para-el-desarrollo-de-acciones-de-diseno-grafico-en-el-gabinete-de-comunicacion-de-la-fundacion\/","title":{"rendered":"Se ampl\u00eda la inscripci\u00f3n de la convocatoria de selecci\u00f3n de personal para conformar una bolsa de empleo para el desarrollo de acciones de dise\u00f1o gr\u00e1fico en el Gabinete de Comunicaci\u00f3n de la Fundaci\u00f3n General de la ULL (2019BDE11)"},"content":{"rendered":"<section class=\"wpb-content-wrapper\"><p>[vc_row][vc_column][vc_column_text]<\/p>\n<h4>Debido a un error inform\u00e1tico que influy\u00f3 en el proceso de inscripci\u00f3n, reunida la comisi\u00f3n de selecci\u00f3n, se decide ampliar el periodo de inscripci\u00f3n cuatro d\u00edas naturales hasta el pr\u00f3ximo 22 de abril de 2019 a las 23:59 horas.<\/h4>\n<p>Las personas interesadas que cumplan los requisitos expuestos en las bases podr\u00e1n participar en el mismo.<\/p>\n<p>Para la inscripci\u00f3n es totalmente necesario el cumplimiento de los requisitos expuestos en las bases generales y perfil singular de la convocatoria.[\/vc_column_text][\/vc_column][\/vc_row][vc_row][vc_column][vc_btn title=&#8221;INSCRIPCI\u00d3N SEDE ELECTR\u00d3NICA&#8221; shape=&#8221;square&#8221; color=&#8221;danger&#8221; link=&#8221;url:https%3A%2F%2Fsede.fg.ull.es%2Fes%2Fempleo%2Fdetalle%2Fa19230047%2Ffundacion-general-de-la-universidad-de-la-laguna-area-servicios-generales||target:%20_blank|&#8221;][\/vc_column][\/vc_row]<\/p>\n<\/section>","protected":false},"excerpt":{"rendered":"<p>[vc_row][vc_column][vc_column_text] Debido a un error inform\u00e1tico que influy\u00f3 en el proceso de inscripci\u00f3n, reunida la comisi\u00f3n de selecci\u00f3n, se decide ampliar el periodo de inscripci\u00f3n cuatro d\u00edas naturales hasta el pr\u00f3ximo 22 de abril de 2019 a las 23:59 horas. Las personas interesadas que cumplan los requisitos expuestos en las bases podr\u00e1n participar en el&#8230;<\/p>\n","protected":false},"author":3,"featured_media":0,"comment_status":"closed","ping_status":"closed","sticky":false,"template":"","format":"standard","meta":{"footnotes":""},"categories":[232],"tags":[],"featured_image_thumbnail_url":null,"_links":{"self":[{"href":"https:\/\/fg.ull.es\/noticias\/wp-json\/wp\/v2\/posts\/41625"}],"collection":[{"href":"https:\/\/fg.ull.es\/noticias\/wp-json\/wp\/v2\/posts"}],"about":[{"href":"https:\/\/fg.ull.es\/noticias\/wp-json\/wp\/v2\/types\/post"}],"author":[{"embeddable":true,"href":"https:\/\/fg.ull.es\/noticias\/wp-json\/wp\/v2\/users\/3"}],"replies":[{"embeddable":true,"href":"https:\/\/fg.ull.es\/noticias\/wp-json\/wp\/v2\/comments?post=41625"}],"version-history":[{"count":3,"href":"https:\/\/fg.ull.es\/noticias\/wp-json\/wp\/v2\/posts\/41625\/revisions"}],"predecessor-version":[{"id":41628,"href":"https:\/\/fg.ull.es\/noticias\/wp-json\/wp\/v2\/posts\/41625\/revisions\/41628"}],"wp:attachment":[{"href":"https:\/\/fg.ull.es\/noticias\/wp-json\/wp\/v2\/media?parent=41625"}],"wp:term":[{"taxonomy":"category","embeddable":true,"href":"https:\/\/fg.ull.es\/noticias\/wp-json\/wp\/v2\/categories?post=41625"},{"taxonomy":"post_tag","embeddable":true,"href":"https:\/\/fg.ull.es\/noticias\/wp-json\/wp\/v2\/tags?post=41625"}],"curies":[{"name":"wp","href":"https:\/\/api.w.org\/{rel}","templated":true}]}}