{"id":41484,"date":"2019-04-05T14:15:46","date_gmt":"2019-04-05T13:15:46","guid":{"rendered":"https:\/\/fg.ull.es\/noticias\/?p=41484"},"modified":"2019-04-05T14:15:46","modified_gmt":"2019-04-05T13:15:46","slug":"se-amplia-la-inscripcion-de-la-convocatoria-de-seleccion-de-personal-para-participar-en-el-proyecto-barrios-por-el-empleo-2019bde007-2019bde008-2019bde009","status":"publish","type":"post","link":"https:\/\/fg.ull.es\/noticias\/2019\/04\/05\/se-amplia-la-inscripcion-de-la-convocatoria-de-seleccion-de-personal-para-participar-en-el-proyecto-barrios-por-el-empleo-2019bde007-2019bde008-2019bde009\/","title":{"rendered":"Se ampl\u00eda la inscripci\u00f3n de la convocatoria de selecci\u00f3n de personal para participar en el proyecto \u201cBarrios por el Empleo\u201d (2019BDE007\/2019BDE008\/2019BDE009)"},"content":{"rendered":"<section class=\"wpb-content-wrapper\"><p>[vc_row][vc_column][vc_column_text]<\/p>\n<h4>Reunida la comisi\u00f3n de selecci\u00f3n y valorado el n\u00famero de candidaturas presentadas, se decide ampliar el periodo de inscripci\u00f3n cuatro d\u00edas naturales hasta el pr\u00f3ximo 9 de abril de 2019 a las 23:59 horas.<\/h4>\n<p>Las personas interesadas que cumplan los requisitos expuestos en las bases podr\u00e1n participar en el mismo.<\/p>\n<p>Para la inscripci\u00f3n es totalmente necesario el cumplimiento de los requisitos expuestos en las bases generales y perfil singular de la convocatoria.[\/vc_column_text][vc_empty_space][\/vc_column][\/vc_row][vc_row][vc_column][vc_separator][\/vc_column][\/vc_row][vc_row][vc_column width=&#8221;1\/2&#8243;][vc_column_text]<\/p>\n<h4><strong>Inscripci\u00f3n en la sede electr\u00f3nica:<\/strong><\/h4>\n<p>[\/vc_column_text][\/vc_column][vc_column width=&#8221;1\/2&#8243;][vc_btn title=&#8221;Inscripci\u00f3n aqu\u00ed &#8221; style=&#8221;custom&#8221; custom_background=&#8221;#da8a00&#8243; custom_text=&#8221;#ffffff&#8221; shape=&#8221;square&#8221; size=&#8221;lg&#8221; align=&#8221;center&#8221; i_align=&#8221;right&#8221; i_icon_fontawesome=&#8221;fa fa-plus-circle&#8221; button_block=&#8221;true&#8221; add_icon=&#8221;true&#8221; link=&#8221;url:https%3A%2F%2Fsede.fg.ull.es%2Fes%2Fempleo%2Fdetalle%2Fa19120071%2Ffundacion-general-de-la-universidad-de-la-laguna-agencia-universitaria-de-innovacion||target:%20_blank|&#8221;][\/vc_column][\/vc_row]<\/p>\n<\/section>","protected":false},"excerpt":{"rendered":"<p>[vc_row][vc_column][vc_column_text] Reunida la comisi\u00f3n de selecci\u00f3n y valorado el n\u00famero de candidaturas presentadas, se decide ampliar el periodo de inscripci\u00f3n cuatro d\u00edas naturales hasta el pr\u00f3ximo 9 de abril de 2019 a las 23:59 horas. Las personas interesadas que cumplan los requisitos expuestos en las bases podr\u00e1n participar en el mismo. Para la inscripci\u00f3n es&#8230;<\/p>\n","protected":false},"author":25,"featured_media":0,"comment_status":"closed","ping_status":"closed","sticky":false,"template":"","format":"standard","meta":{"footnotes":""},"categories":[52,232],"tags":[],"featured_image_thumbnail_url":null,"_links":{"self":[{"href":"https:\/\/fg.ull.es\/noticias\/wp-json\/wp\/v2\/posts\/41484"}],"collection":[{"href":"https:\/\/fg.ull.es\/noticias\/wp-json\/wp\/v2\/posts"}],"about":[{"href":"https:\/\/fg.ull.es\/noticias\/wp-json\/wp\/v2\/types\/post"}],"author":[{"embeddable":true,"href":"https:\/\/fg.ull.es\/noticias\/wp-json\/wp\/v2\/users\/25"}],"replies":[{"embeddable":true,"href":"https:\/\/fg.ull.es\/noticias\/wp-json\/wp\/v2\/comments?post=41484"}],"version-history":[{"count":2,"href":"https:\/\/fg.ull.es\/noticias\/wp-json\/wp\/v2\/posts\/41484\/revisions"}],"predecessor-version":[{"id":41487,"href":"https:\/\/fg.ull.es\/noticias\/wp-json\/wp\/v2\/posts\/41484\/revisions\/41487"}],"wp:attachment":[{"href":"https:\/\/fg.ull.es\/noticias\/wp-json\/wp\/v2\/media?parent=41484"}],"wp:term":[{"taxonomy":"category","embeddable":true,"href":"https:\/\/fg.ull.es\/noticias\/wp-json\/wp\/v2\/categories?post=41484"},{"taxonomy":"post_tag","embeddable":true,"href":"https:\/\/fg.ull.es\/noticias\/wp-json\/wp\/v2\/tags?post=41484"}],"curies":[{"name":"wp","href":"https:\/\/api.w.org\/{rel}","templated":true}]}}