{"id":41399,"date":"2019-03-29T14:34:40","date_gmt":"2019-03-29T14:34:40","guid":{"rendered":"https:\/\/fg.ull.es\/noticias\/?p=41399"},"modified":"2019-03-29T14:36:28","modified_gmt":"2019-03-29T14:36:28","slug":"abierto-el-plazo-de-solicitudes-para-la-segunda-edicion-del-programa-de-inmersion-linguistica-y-laboral-de-la-ull-en-irlanda","status":"publish","type":"post","link":"https:\/\/fg.ull.es\/noticias\/2019\/03\/29\/abierto-el-plazo-de-solicitudes-para-la-segunda-edicion-del-programa-de-inmersion-linguistica-y-laboral-de-la-ull-en-irlanda\/","title":{"rendered":"Desde hoy y hasta el pr\u00f3ximo 20 de abril estar\u00e1 abierto el plazo de solicitudes para participar en la segunda edici\u00f3n\u00a0Programa de Inmersi\u00f3n Ling\u00fc\u00edstica y Laboral de verano de 2019, una acci\u00f3n formativa que busca que el alumnado de la Universidad de La Laguna se forme de manera pr\u00e1ctica e intensiva en el dominio del ingl\u00e9s con una estancia en Irlanda."},"content":{"rendered":"<p>El programa, que est\u00e1 <strong>financiado por el Excmo. Cabildo Insular de Tenerife<\/strong>, consiste en una experiencia de inmersi\u00f3n ling\u00fc\u00edstica con una estancia de ocho semanas en Irlanda, durante los meses de julio y agosto, compaginando el desarrollo de un curso intensivo de ingl\u00e9s de 50 horas con la realizaci\u00f3n de pr\u00e1cticas laborales.<\/p>\n<p>Se convocan <strong>15 plazas<\/strong>, dirigidas al alumnado universitario y las personas egresadas de la Universidad de La Laguna que hayan finalizado sus estudios a partir del curso 207\/2018 y, en ambos casos, que acrediten un nivel m\u00ednimo de B1 de ingl\u00e9s.<\/p>\n<p>La persona beneficiaria recibir\u00e1 una bolsa de ayuda de 600 euros para cubrir los gastos relacionados con la estancia, y la financiaci\u00f3n de los gastos de desplazamiento, alojamiento y matr\u00edcula del curso intensivo ser\u00e1n cubiertos por la Fundaci\u00f3n General gracias a la financiaci\u00f3n realizada por el Excmo. Cabildo Insular de Tenerife.<\/p>\n<p><a href=\"https:\/\/drive.google.com\/file\/d\/1w8V_PVnNqbO58IvWLISnFTbESa9G7hRM\/view\" target=\"_blank\" rel=\"noopener\">Bases de la convocatoria<\/a><\/p>\n<p><a href=\"https:\/\/sede.fg.ull.es\/es\/curso\/detalle\/a19030231\/programa-inmersion-linguistica-y-laboral-verano-2019\" target=\"_blank\" rel=\"noopener\">Proceso de inscripci\u00f3n y solicitud<\/a><\/p>\n","protected":false},"excerpt":{"rendered":"<p>El programa, que est\u00e1 financiado por el Excmo. Cabildo Insular de Tenerife, consiste en una experiencia de inmersi\u00f3n ling\u00fc\u00edstica con una estancia de ocho semanas en Irlanda, durante los meses de julio y agosto, compaginando el desarrollo de un curso intensivo de ingl\u00e9s de 50 horas con la realizaci\u00f3n de pr\u00e1cticas laborales. Se convocan 15&#8230;<\/p>\n","protected":false},"author":6,"featured_media":0,"comment_status":"closed","ping_status":"closed","sticky":false,"template":"","format":"standard","meta":{"footnotes":""},"categories":[232],"tags":[],"featured_image_thumbnail_url":null,"_links":{"self":[{"href":"https:\/\/fg.ull.es\/noticias\/wp-json\/wp\/v2\/posts\/41399"}],"collection":[{"href":"https:\/\/fg.ull.es\/noticias\/wp-json\/wp\/v2\/posts"}],"about":[{"href":"https:\/\/fg.ull.es\/noticias\/wp-json\/wp\/v2\/types\/post"}],"author":[{"embeddable":true,"href":"https:\/\/fg.ull.es\/noticias\/wp-json\/wp\/v2\/users\/6"}],"replies":[{"embeddable":true,"href":"https:\/\/fg.ull.es\/noticias\/wp-json\/wp\/v2\/comments?post=41399"}],"version-history":[{"count":4,"href":"https:\/\/fg.ull.es\/noticias\/wp-json\/wp\/v2\/posts\/41399\/revisions"}],"predecessor-version":[{"id":41403,"href":"https:\/\/fg.ull.es\/noticias\/wp-json\/wp\/v2\/posts\/41399\/revisions\/41403"}],"wp:attachment":[{"href":"https:\/\/fg.ull.es\/noticias\/wp-json\/wp\/v2\/media?parent=41399"}],"wp:term":[{"taxonomy":"category","embeddable":true,"href":"https:\/\/fg.ull.es\/noticias\/wp-json\/wp\/v2\/categories?post=41399"},{"taxonomy":"post_tag","embeddable":true,"href":"https:\/\/fg.ull.es\/noticias\/wp-json\/wp\/v2\/tags?post=41399"}],"curies":[{"name":"wp","href":"https:\/\/api.w.org\/{rel}","templated":true}]}}