{"id":41249,"date":"2019-03-20T09:47:45","date_gmt":"2019-03-20T09:47:45","guid":{"rendered":"https:\/\/fg.ull.es\/noticias\/?p=41249"},"modified":"2019-03-20T16:11:38","modified_gmt":"2019-03-20T16:11:38","slug":"nuevo-curso-gdi","status":"publish","type":"post","link":"https:\/\/fg.ull.es\/noticias\/2019\/03\/20\/nuevo-curso-gdi\/","title":{"rendered":"El Programa de Formaci\u00f3n de Gestores de la Innovaci\u00f3n lanza su primer curso"},"content":{"rendered":"<section class=\"wpb-content-wrapper\"><p>[vc_row][vc_column][vc_column_text]<\/p>\n<h3>La actividad tendr\u00e1 lugar el d\u00eda dos de abril en el aulario de la Fundaci\u00f3n General de la Universidad de La Laguna.<\/h3>\n<p>La <strong>Agencia Universitaria de Innovaci\u00f3n<\/strong> prepara para el mes de abril un curso de primer nivel en Promoci\u00f3n de la Innovaci\u00f3n. Se trata de una <strong>formaci\u00f3n gratuita semipresencial<\/strong> que se llevar\u00e1 a cabo en horario de ma\u00f1ana.<\/p>\n<p><strong>Armando Torres Gallo<\/strong>, gestor de Innovaci\u00f3n, bi\u00f3logo y docente de Ingl\u00e9s, ser\u00e1 el encargado de impartir los contenidos te\u00f3ricos de este curso. Ha trabajado como t\u00e9cnico de Promoci\u00f3n y Valorizaci\u00f3n en la ULL, y posee una amplia experiencia en materia de emprendimiento.<\/p>\n<p>Durante esta jornada el alumnado aprender\u00e1 las distintas etapas del proceso innovador, adquirir\u00e1 los conocimientos b\u00e1sicos de este \u00e1mbito y se capacitar\u00e1 para entender los conceptos que conforman la I+D+i.<\/p>\n<p>A su vez, el estudiantado tendr\u00e1 disponible los recursos y herramientas necesarias para realizar las tareas y cuestionarios que corresponden a la parte online de este curso.<\/p>\n<p>Esta formaci\u00f3n del <strong>Programa de Gestores de la Innovaci\u00f3n<\/strong> cuenta con <strong>certificaci\u00f3n<\/strong> y es <strong>convalidable<\/strong> por 2 cr\u00e9ditos ECTS. Para su superaci\u00f3n ser\u00e1 necesario que el alumnado demuestre las competencias adquiridas a trav\u00e9s de la realizaci\u00f3n de actividades y de una participaci\u00f3n activa durante el curso.<\/p>\n<p>J\u00f3venes con formaci\u00f3n acad\u00e9mica superior, trabajadores o personas en situaci\u00f3n de desempleo podr\u00e1n asistir a esta actividad.<\/p>\n<p>El programa cuenta con la financiaci\u00f3n de la Agencia Canaria de Investigaci\u00f3n, Innovaci\u00f3n y Sociedad de la Innovaci\u00f3n del Gobierno de Canarias, y la cofinanciaci\u00f3n, en un 85%, del Fondo Social Europeo (FSE), en los t\u00e9rminos establecidos en el Programa Operativo de Canarias 2014-2020.[\/vc_column_text][\/vc_column][\/vc_row][vc_row][vc_column][vc_btn title=&#8221;\u00a1Inscr\u00edbete!&#8221; style=&#8221;classic&#8221; shape=&#8221;square&#8221; color=&#8221;danger&#8221; link=&#8221;url:https%3A%2F%2Fsede.fg.ull.es%2Fes%2Fcurso%2Fdetalle%2Fa19120080%2Fpromocion-de-la-innovacion-n1||target:%20_blank|&#8221;][\/vc_column][\/vc_row][vc_row][vc_column][vc_column_text]Las personas interesadas en este proyecto pueden ampliar la informaci\u00f3n a trav\u00e9s del email gdi@fg.ull.es, realizando el formulario de contacto de su <strong><a href=\"https:\/\/fg.ull.es\/portal\/gdi\/programa-gdi\/\">p\u00e1gina web<\/a><\/strong> o llamando al n\u00famero de tel\u00e9fono 922 319 914.[\/vc_column_text][\/vc_column][\/vc_row]<\/p>\n<\/section>","protected":false},"excerpt":{"rendered":"<p>La Agencia Universitaria de Innovaci\u00f3n prepara para el mes de abril un curso de primer nivel en Promoci\u00f3n de la Innovaci\u00f3n. Se trata de una formaci\u00f3n gratuita semipresencial que se llevar\u00e1 a cabo en horario de ma\u00f1ana.<\/p>\n","protected":false},"author":26,"featured_media":41250,"comment_status":"closed","ping_status":"closed","sticky":false,"template":"","format":"standard","meta":{"footnotes":""},"categories":[10,655,7],"tags":[139,68],"featured_image_thumbnail_url":"https:\/\/fg.ull.es\/noticias\/wp-content\/uploads\/sites\/2\/2019\/03\/MG_0694-min-min-300x200.jpg","_links":{"self":[{"href":"https:\/\/fg.ull.es\/noticias\/wp-json\/wp\/v2\/posts\/41249"}],"collection":[{"href":"https:\/\/fg.ull.es\/noticias\/wp-json\/wp\/v2\/posts"}],"about":[{"href":"https:\/\/fg.ull.es\/noticias\/wp-json\/wp\/v2\/types\/post"}],"author":[{"embeddable":true,"href":"https:\/\/fg.ull.es\/noticias\/wp-json\/wp\/v2\/users\/26"}],"replies":[{"embeddable":true,"href":"https:\/\/fg.ull.es\/noticias\/wp-json\/wp\/v2\/comments?post=41249"}],"version-history":[{"count":6,"href":"https:\/\/fg.ull.es\/noticias\/wp-json\/wp\/v2\/posts\/41249\/revisions"}],"predecessor-version":[{"id":41263,"href":"https:\/\/fg.ull.es\/noticias\/wp-json\/wp\/v2\/posts\/41249\/revisions\/41263"}],"wp:featuredmedia":[{"embeddable":true,"href":"https:\/\/fg.ull.es\/noticias\/wp-json\/wp\/v2\/media\/41250"}],"wp:attachment":[{"href":"https:\/\/fg.ull.es\/noticias\/wp-json\/wp\/v2\/media?parent=41249"}],"wp:term":[{"taxonomy":"category","embeddable":true,"href":"https:\/\/fg.ull.es\/noticias\/wp-json\/wp\/v2\/categories?post=41249"},{"taxonomy":"post_tag","embeddable":true,"href":"https:\/\/fg.ull.es\/noticias\/wp-json\/wp\/v2\/tags?post=41249"}],"curies":[{"name":"wp","href":"https:\/\/api.w.org\/{rel}","templated":true}]}}