{"id":40722,"date":"2019-02-04T09:03:48","date_gmt":"2019-02-04T09:03:48","guid":{"rendered":"https:\/\/fg.ull.es\/noticias\/?p=40722"},"modified":"2023-03-24T10:31:06","modified_gmt":"2023-03-24T10:31:06","slug":"la-actividad-del-proyecto-epe-la-cooperativa-de-ayer-comenzara-a-principios-de-febrero-en-el-ies-alcalde-bernabe-y-ies-domingo-perez-minik","status":"publish","type":"post","link":"https:\/\/fg.ull.es\/noticias\/2019\/02\/04\/la-actividad-del-proyecto-epe-la-cooperativa-de-ayer-comenzara-a-principios-de-febrero-en-el-ies-alcalde-bernabe-y-ies-domingo-perez-minik\/","title":{"rendered":"La actividad del Proyecto EPE, \u2018La cooperativa de ayer\u2019, comenzar\u00e1 a principios de febrero en dos centros"},"content":{"rendered":"<h3>En ambos centros educativos de Tenerife se producir\u00e1 un encuentro entre grupos de escolares y personas mayores, quienes conversar\u00e1n sobre los productos a fabricar. Asimismo, las personas mayores transmitir\u00e1n a los\/as j\u00f3venes sus experiencias personales en materia de emprendimiento.<\/h3>\n<p>El proyecto <strong><a href=\"https:\/\/fg.ull.es\/epe\/\">Ense\u00f1ar para Emprender<\/a> <\/strong><strong>y la cooperativa de ayer<\/strong> (EPE) fomenta la <strong>cultura emprendedora<\/strong> en edades tempranas en <strong>m\u00e1s de 20 centros<\/strong> educativos de Tenerife, entre ellos uno de El Hierro.\u00a0A consecuencia de ello, los d\u00edas <strong>5 y 6 de febrero<\/strong> tendr\u00e1n lugar los primeros encuentros en aula entre escolares y personas mayores. Los centros ser\u00e1n el IES Alcalde Bernab\u00e9 y CPEIPS Hispano Brit\u00e1nico, respectivamente.<\/p>\n<p>Por medio de esta actividad se pretende que las personas mayores acompa\u00f1en y orienten a las <strong>cooperativas escolares<\/strong>, creadas por el alumnado de los centros participantes en el proyecto EPE, desempe\u00f1ando estas el rol de mentor\/a en cada \u201cempresa\u201d, generando, de la misma manera, v\u00ednculos con las\/os ni\u00f1as\/os.<\/p>\n<p>Estas jornadas ser\u00e1n la primera toma de contacto entre ni\u00f1as\/os y personas mayores, quienes, en un ambiente informal y relajado, compartir\u00e1n sus impresiones sobre el proyecto y hablar\u00e1n sobre la <strong>forma de trabajar<\/strong> y los <strong>productos a fabricar<\/strong>. Adem\u00e1s, la persona mayor de cada cooperativa podr\u00e1 transmitir al alumnado su <strong>experiencia personal en el proceso emprendedor<\/strong>.<\/p>\n<p>Esta acci\u00f3n dentro del proyecto EPE, es una experiencia piloto promovida por la unidad de <strong><a href=\"https:\/\/fg.ull.es\/empleo\/emprende-ull\/\">Emprendimiento<\/a><\/strong> (emprende.ull) en colaboraci\u00f3n con <strong><a href=\"https:\/\/fg.ull.es\/innovacion\/innovacion-social\/\">Innovaci\u00f3n Social<\/a><\/strong> de la Fundaci\u00f3n General de la Universidad de La Laguna, que se enmarca en la l\u00ednea de unificar el envejecimiento activo y emprendimiento en edades tempranas.<\/p>\n<p>\u201cEnse\u00f1ar para Emprender y la cooperativa de ayer\u201d es un proyecto promovido por la Fundaci\u00f3n General de la Universidad de La Laguna a trav\u00e9s de la Unidad de Emprendimiento, con la colaboraci\u00f3n de la Sociedad Cooperativa de Cr\u00e9dito Cajasiete y la Consejer\u00eda de Educaci\u00f3n del Gobierno de Canarias.<\/p>\n","protected":false},"excerpt":{"rendered":"<p>En ambos centros educativos de Tenerife se producir\u00e1 un encuentro entre grupos de escolares y personas mayores, quienes conversar\u00e1n sobre los productos a fabricar. Asimismo, las personas mayores transmitir\u00e1n a los\/as j\u00f3venes sus experiencias personales en materia de emprendimiento. El proyecto Ense\u00f1ar para Emprender y la cooperativa de ayer (EPE) fomenta la cultura emprendedora en&#8230;<\/p>\n","protected":false},"author":24,"featured_media":40734,"comment_status":"closed","ping_status":"closed","sticky":false,"template":"","format":"standard","meta":{"footnotes":""},"categories":[278,655,7],"tags":[87,63,92,47,40,838,837,836],"featured_image_thumbnail_url":"https:\/\/fg.ull.es\/noticias\/wp-content\/uploads\/sites\/2\/2019\/02\/EPECooperativaAyer-300x225.jpg","_links":{"self":[{"href":"https:\/\/fg.ull.es\/noticias\/wp-json\/wp\/v2\/posts\/40722"}],"collection":[{"href":"https:\/\/fg.ull.es\/noticias\/wp-json\/wp\/v2\/posts"}],"about":[{"href":"https:\/\/fg.ull.es\/noticias\/wp-json\/wp\/v2\/types\/post"}],"author":[{"embeddable":true,"href":"https:\/\/fg.ull.es\/noticias\/wp-json\/wp\/v2\/users\/24"}],"replies":[{"embeddable":true,"href":"https:\/\/fg.ull.es\/noticias\/wp-json\/wp\/v2\/comments?post=40722"}],"version-history":[{"count":10,"href":"https:\/\/fg.ull.es\/noticias\/wp-json\/wp\/v2\/posts\/40722\/revisions"}],"predecessor-version":[{"id":40758,"href":"https:\/\/fg.ull.es\/noticias\/wp-json\/wp\/v2\/posts\/40722\/revisions\/40758"}],"wp:featuredmedia":[{"embeddable":true,"href":"https:\/\/fg.ull.es\/noticias\/wp-json\/wp\/v2\/media\/40734"}],"wp:attachment":[{"href":"https:\/\/fg.ull.es\/noticias\/wp-json\/wp\/v2\/media?parent=40722"}],"wp:term":[{"taxonomy":"category","embeddable":true,"href":"https:\/\/fg.ull.es\/noticias\/wp-json\/wp\/v2\/categories?post=40722"},{"taxonomy":"post_tag","embeddable":true,"href":"https:\/\/fg.ull.es\/noticias\/wp-json\/wp\/v2\/tags?post=40722"}],"curies":[{"name":"wp","href":"https:\/\/api.w.org\/{rel}","templated":true}]}}