{"id":40424,"date":"2019-01-11T10:12:57","date_gmt":"2019-01-11T10:12:57","guid":{"rendered":"https:\/\/fg.ull.es\/noticias\/?p=40424"},"modified":"2019-01-14T10:20:15","modified_gmt":"2019-01-14T10:20:15","slug":"emprende-ull-ayudo-a-que-se-crearan-289-empresas-y-asesoro-a-mas-de-700-jovenes-en-2018","status":"publish","type":"post","link":"https:\/\/fg.ull.es\/noticias\/2019\/01\/11\/emprende-ull-ayudo-a-que-se-crearan-289-empresas-y-asesoro-a-mas-de-700-jovenes-en-2018\/","title":{"rendered":"Emprende.ull ayud\u00f3 a que se crearan 289 empresas y asesor\u00f3 a m\u00e1s de 700 j\u00f3venes en 2018"},"content":{"rendered":"<h3>Se trata de un servicio gratuito de apoyo, asesoramiento y consolidaci\u00f3n empresarial de la Fundaci\u00f3n General de la Universidad de La Laguna, que tiene el objetivo de promover, desarrollar y potenciar la cultura emprendedora en la sociedad canaria.<\/h3>\n<p>La\u00a0<strong><a href=\"https:\/\/fg.ull.es\/empleo\/emprende-ull\/\">Unidad de Emprendimiento<\/a><\/strong>\u00a0de la Fundaci\u00f3n General de la Universidad de La Laguna cierra el a\u00f1o 2018, dando a<strong>\u00a0717 personas\u00a0<\/strong>las herramientas necesarias para que desarrollen sus propias ideas de negocio. A su vez, han contribuido en la creaci\u00f3n de <strong>289<\/strong> empresas y la tramitaci\u00f3n de\u00a0<strong>59 altas\u00a0<\/strong>en el r\u00e9gimen especial de trabajo por cuenta propia a trav\u00e9s del\u00a0<strong>Punto de Atenci\u00f3n al Emprendedor<\/strong>\u00a0(PAE).<\/p>\n<p>Estos son solo algunos de los resultados del servicio de\u00a0<strong>apoyo<\/strong>,\u00a0<strong>asesoramiento<\/strong>\u00a0y\u00a0<strong>consolidaci\u00f3n empresarial\u00a0<\/strong>prestado por esta \u00e1rea de la Fundaci\u00f3n, que tiene el objetivo fundamental de apoyar iniciativas empresariales e innovadoras desarrolladas por la comunidad universitaria y emprendedora de Canarias. En su actividad trata de adaptarse a las\u00a0<strong>necesidades y tipos de ideas empresariales<\/strong>\u00a0que aspiran a convertirse en una realidad, ya sean\u00a0<em>startup<\/em>,\u00a0<em>ecommerce<\/em>, iniciativas sociales o profesionales independientes.<\/p>\n<p>En 2018, Emprende.ull tambi\u00e9n centr\u00f3 su actividad en la<strong>\u00a0consolidaci\u00f3n de 79 empresas locales<\/strong>\u00a0durante sus primeros 12 meses de vida; estas empresas igualmente pasaron en sus inicios por el servicio y han podido beneficiarse de un asesoramiento espec\u00edfico para su maduraci\u00f3n y establecimiento en el mercado.<\/p>\n<p>A su vez, \u00a0se han desarrollado un total de\u00a0<strong>56 acciones <\/strong>formativas para la promoci\u00f3n de la cultura del emprendimiento, la mayor\u00eda de ellas enmarcadas en los proyectos\u00a0<strong>SAPAYE 2018<\/strong>\u00a0y\u00a0<strong><a href=\"https:\/\/www.facebook.com\/aronaemprende\/\">Arona Emprende<\/a><\/strong>, de las que\u00a0<strong>se han beneficiado 609 personas<\/strong>.<\/p>\n<h3><strong>Campus Pitch, el broche de oro <\/strong><\/h3>\n<p>\u2018<strong><a href=\"https:\/\/fg.ull.es\/noticias\/2018\/11\/23\/15-proyectos-emprendedores-10-premios-y-mas-de-100-asistentes-en-la-final-de-campus-pitch\/\">Campus Pitch<\/a><\/strong>\u2019, tambi\u00e9n conocida como la \u2018Feria de la Comunidad Emprendedora de Canarias\u2019, fue el colof\u00f3n de 2018 para Emprende.ull y todas las personas inscritas en sus servicios. Este evento, celebrado entre el 19 y 23 noviembre dio la oportunidad de presentar, visibilizar y publicitar los servicios y productos de las\u00a0<strong><a href=\"https:\/\/drive.google.com\/file\/d\/1q-ByHargbjjYb9KmQJOKlSPQ2qPI-7Y_\/view\">57 empresas participantes<\/a><\/strong>\u00a0entre la comunidad universitaria y grandes empresas de las Islas.<\/p>\n<p>El evento se dividi\u00f3 en dos partes. La primera, denominada Feria Itinerante, sirvi\u00f3 para exponer todas las ideas empresariales presentadas en varias facultades de la Universidad de La Laguna, con el objetivo de captar nuevos clientes. Finalmente, el jurado y alumnado de la ULL seleccionaron a quince de ellas para la segunda fase del certamen.<\/p>\n<p>El Foro de Presentaci\u00f3n de Proyectos dio la oportunidad a los emprendedores para que entraran en contacto directo con el tejido empresarial. A esta jornada asistieron m\u00e1s de cien personas y se repartieron varios premios a los proyectos con mayor potencial, entre los que destacaron Digital Codesign, Sizygia, Makai, Car\u00e1cter Canario, ALTHEA, Hey Macarena, 3Diversity, Garo\u00e9 Travis y Lillop Studios.<\/p>\n<p>\u2018Campus Pitch\u2019 cont\u00f3 con el patrocinio de varias entidades canarias, todas ellas comprometidas con los j\u00f3venes emprendedores, como Fred Olsen Express, Cajasiete, Senda Ecoway, Fundaci\u00f3n DISA, INTech Tenerife, Turisfera, Metriz, Fundaci\u00f3n Fyde-Caja Canarias, Garoe Travis y la Consejer\u00eda de Agricultura, Ganader\u00eda, Pesca y Aguas.<\/p>\n","protected":false},"excerpt":{"rendered":"<p>Se trata de un servicio gratuito de apoyo, asesoramiento y consolidaci\u00f3n empresarial de la Fundaci\u00f3n General de la Universidad de La Laguna, que tiene el objetivo de promover, desarrollar y potenciar la cultura emprendedora en la sociedad canaria. La\u00a0Unidad de Emprendimiento\u00a0de la Fundaci\u00f3n General de la Universidad de La Laguna cierra el a\u00f1o 2018, dando&#8230;<\/p>\n","protected":false},"author":24,"featured_media":40426,"comment_status":"closed","ping_status":"closed","sticky":false,"template":"","format":"standard","meta":{"footnotes":""},"categories":[278,4,7],"tags":[39,46,558],"featured_image_thumbnail_url":"https:\/\/fg.ull.es\/noticias\/wp-content\/uploads\/sites\/2\/2019\/01\/optimized-ufwh-300x200.jpg","_links":{"self":[{"href":"https:\/\/fg.ull.es\/noticias\/wp-json\/wp\/v2\/posts\/40424"}],"collection":[{"href":"https:\/\/fg.ull.es\/noticias\/wp-json\/wp\/v2\/posts"}],"about":[{"href":"https:\/\/fg.ull.es\/noticias\/wp-json\/wp\/v2\/types\/post"}],"author":[{"embeddable":true,"href":"https:\/\/fg.ull.es\/noticias\/wp-json\/wp\/v2\/users\/24"}],"replies":[{"embeddable":true,"href":"https:\/\/fg.ull.es\/noticias\/wp-json\/wp\/v2\/comments?post=40424"}],"version-history":[{"count":1,"href":"https:\/\/fg.ull.es\/noticias\/wp-json\/wp\/v2\/posts\/40424\/revisions"}],"predecessor-version":[{"id":40425,"href":"https:\/\/fg.ull.es\/noticias\/wp-json\/wp\/v2\/posts\/40424\/revisions\/40425"}],"wp:featuredmedia":[{"embeddable":true,"href":"https:\/\/fg.ull.es\/noticias\/wp-json\/wp\/v2\/media\/40426"}],"wp:attachment":[{"href":"https:\/\/fg.ull.es\/noticias\/wp-json\/wp\/v2\/media?parent=40424"}],"wp:term":[{"taxonomy":"category","embeddable":true,"href":"https:\/\/fg.ull.es\/noticias\/wp-json\/wp\/v2\/categories?post=40424"},{"taxonomy":"post_tag","embeddable":true,"href":"https:\/\/fg.ull.es\/noticias\/wp-json\/wp\/v2\/tags?post=40424"}],"curies":[{"name":"wp","href":"https:\/\/api.w.org\/{rel}","templated":true}]}}