{"id":40108,"date":"2018-12-13T11:19:15","date_gmt":"2018-12-13T11:19:15","guid":{"rendered":"https:\/\/fg.ull.es\/noticias\/?p=40108"},"modified":"2018-12-13T11:20:45","modified_gmt":"2018-12-13T11:20:45","slug":"convocatoria-de-seleccion-de-personal-para-conformar-una-bolsa-de-mediadores-as-sociales-y-comunitaritos-para-el-proyecto-aronamedia-convocatoria-2018bde033","status":"publish","type":"post","link":"https:\/\/fg.ull.es\/noticias\/2018\/12\/13\/convocatoria-de-seleccion-de-personal-para-conformar-una-bolsa-de-mediadores-as-sociales-y-comunitaritos-para-el-proyecto-aronamedia-convocatoria-2018bde033\/","title":{"rendered":"Convocatoria de selecci\u00f3n de personal para conformar una bolsa de mediadores\/as sociales y comunitaritos para el proyecto ARONAMEDIA (convocatoria 2018BDE033)"},"content":{"rendered":"<p>Las candidaturas se podr\u00e1n <a href=\"https:\/\/sede.fg.ull.es\/es\/curso\/detalle\/a18230092\/fundacion-general-de-la-universidad-de-la-laguna-agencia-universitaria-de-empleo\" target=\"_blank\" rel=\"noopener\">presentar a trav\u00e9s de la sede electr\u00f3nica<\/a> <strong>hasta el 19 de diciembre de 2018<\/strong>:<\/p>\n<p>Requisitos m\u00ednimos:<\/p>\n<ul>\n<li>Estar en posesi\u00f3n de una titulaci\u00f3n universitaria<\/li>\n<li>Estar en posesi\u00f3n de una titulaci\u00f3n oficial de m\u00e1ster universitario relacionada con la intervenci\u00f3n y mediaci\u00f3n familiar, social y comunitaria, de m\u00ednimo 60 cr\u00e9ditos.<\/li>\n<\/ul>\n<p>Para la inscripci\u00f3n es totalmente necesario el cumplimiento de los requisitos expuestos en las bases que se presentan a continuaci\u00f3n:<\/p>\n<ul>\n<li><a href=\"https:\/\/drive.google.com\/file\/d\/1iXVo4TDk7L24T7BqMuU94qSPMbKdOLpL\/view\" target=\"_blank\" rel=\"noopener\">Bases generales<\/a><\/li>\n<li><a href=\"https:\/\/drive.google.com\/file\/d\/1QJgB7Y8854EN7jbKQvE3Yt9SFbrfwbYX\/view\" target=\"_blank\" rel=\"noopener\">Perfil Singular<\/a><\/li>\n<li>Anexo I_documento de autobaremaci\u00f3n (<a href=\"https:\/\/drive.google.com\/file\/d\/1LMIT_5kEoy0DfFRG0w1ActJdICYfqVqQ\/view\" target=\"_blank\" rel=\"noopener\">DOCX<\/a>, <a href=\"https:\/\/drive.google.com\/file\/d\/1vcy8jXOs6H5wT2uL3jhTXe5pqSGUAPjK\/view\" target=\"_blank\" rel=\"noopener\">PFD<\/a>, <a href=\"https:\/\/drive.google.com\/file\/d\/1E7UPILarSD9Q-pnWfd_u887dtTJMXI-s\/view\" target=\"_blank\" rel=\"noopener\">ODT<\/a>)<\/li>\n<\/ul>\n<p>Debes inscribirte\u00a0<a href=\"https:\/\/sede.fg.ull.es\/es\/curso\/detalle\/a18230092\/fundacion-general-de-la-universidad-de-la-laguna-agencia-universitaria-de-empleo\" target=\"_blank\" rel=\"noopener\">aqu\u00ed<\/a><\/p>\n<p>&nbsp;<\/p>\n","protected":false},"excerpt":{"rendered":"<p>Las candidaturas se podr\u00e1n presentar a trav\u00e9s de la sede electr\u00f3nica hasta el 19 de diciembre de 2018: Requisitos m\u00ednimos: Estar en posesi\u00f3n de una titulaci\u00f3n universitaria Estar en posesi\u00f3n de una titulaci\u00f3n oficial de m\u00e1ster universitario relacionada con la intervenci\u00f3n y mediaci\u00f3n familiar, social y comunitaria, de m\u00ednimo 60 cr\u00e9ditos. Para la inscripci\u00f3n es&#8230;<\/p>\n","protected":false},"author":6,"featured_media":0,"comment_status":"closed","ping_status":"closed","sticky":false,"template":"","format":"standard","meta":{"footnotes":""},"categories":[232],"tags":[],"featured_image_thumbnail_url":null,"_links":{"self":[{"href":"https:\/\/fg.ull.es\/noticias\/wp-json\/wp\/v2\/posts\/40108"}],"collection":[{"href":"https:\/\/fg.ull.es\/noticias\/wp-json\/wp\/v2\/posts"}],"about":[{"href":"https:\/\/fg.ull.es\/noticias\/wp-json\/wp\/v2\/types\/post"}],"author":[{"embeddable":true,"href":"https:\/\/fg.ull.es\/noticias\/wp-json\/wp\/v2\/users\/6"}],"replies":[{"embeddable":true,"href":"https:\/\/fg.ull.es\/noticias\/wp-json\/wp\/v2\/comments?post=40108"}],"version-history":[{"count":3,"href":"https:\/\/fg.ull.es\/noticias\/wp-json\/wp\/v2\/posts\/40108\/revisions"}],"predecessor-version":[{"id":40111,"href":"https:\/\/fg.ull.es\/noticias\/wp-json\/wp\/v2\/posts\/40108\/revisions\/40111"}],"wp:attachment":[{"href":"https:\/\/fg.ull.es\/noticias\/wp-json\/wp\/v2\/media?parent=40108"}],"wp:term":[{"taxonomy":"category","embeddable":true,"href":"https:\/\/fg.ull.es\/noticias\/wp-json\/wp\/v2\/categories?post=40108"},{"taxonomy":"post_tag","embeddable":true,"href":"https:\/\/fg.ull.es\/noticias\/wp-json\/wp\/v2\/tags?post=40108"}],"curies":[{"name":"wp","href":"https:\/\/api.w.org\/{rel}","templated":true}]}}