{"id":40056,"date":"2018-12-07T15:33:53","date_gmt":"2018-12-07T15:33:53","guid":{"rendered":"https:\/\/fg.ull.es\/noticias\/?p=40056"},"modified":"2018-12-07T15:42:19","modified_gmt":"2018-12-07T15:42:19","slug":"convocatoria-de-seleccion-de-personal-investigador-para-conformar-una-bolsa-de-empleo-para-el-desarrollo-de-proyectos-sociales-relacionados-con-la-igualdad-de-genero-en-la-unidad-de-innovacion-social","status":"publish","type":"post","link":"https:\/\/fg.ull.es\/noticias\/2018\/12\/07\/convocatoria-de-seleccion-de-personal-investigador-para-conformar-una-bolsa-de-empleo-para-el-desarrollo-de-proyectos-sociales-relacionados-con-la-igualdad-de-genero-en-la-unidad-de-innovacion-social\/","title":{"rendered":"Convocatoria de selecci\u00f3n de personal investigador para conformar una bolsa de empleo para el desarrollo de proyectos sociales relacionados con la igualdad de g\u00e9nero en la Unidad de Innovaci\u00f3n Social (2018BDE032)."},"content":{"rendered":"<h4>Las personas interesadas en participar pueden presentar su candidatura a trav\u00e9s de la sede electr\u00f3nica de la Fundaci\u00f3n General de La Universidad de La Laguna, desde hoy hasta el pr\u00f3ximo 14 de diciembre de 2018.<\/h4>\n<p>Los\/as candidatos\/as deben cumplir con lo expuesto en las bases generales y perfil singular de la convocatoria. Los requisitos m\u00ednimos y m\u00e9ritos baremables, son entre otros:<\/p>\n<p><u>Requisitos m\u00ednimos: <\/u>Estar en posesi\u00f3n del t\u00edtulo de Doctor\/a. La tesis doctoral debe estar relacionada con tem\u00e1tica de g\u00e9nero.<\/p>\n<p><u>M\u00e9ritos baremables<\/u> (1\u00aa fase proceso):<\/p>\n<ul>\n<li>Comunicaciones en congresos sobre temas relacionados con la igualdad<\/li>\n<li>Publicaciones relacionadas con la igualdad<\/li>\n<li>Experiencia profesional acreditada como docente en impartici\u00f3n de formaci\u00f3n en materia de igualdad<\/li>\n<li>Experiencia acreditada de coordinaci\u00f3n y\/o participaci\u00f3n en proyectos de car\u00e1cter social vinculados a la igualdad de oportunidades entre mujeres y hombres<\/li>\n<li>Dominio como docente de la plataforma Moodle<\/li>\n<li>Estar cursando o haber realizado Master Universitario en Estudios de G\u00e9nero y Pol\u00edticas de Igualdad o Similar<\/li>\n<li>Otra Formaci\u00f3n relacionada con la igualdad de g\u00e9nero<\/li>\n<li>Formaci\u00f3n acreditada en alguno de los siguientes idiomas: ingl\u00e9s, franc\u00e9s o portugu\u00e9s, de acuerdo al Marco Com\u00fan Europeo de referencia para las lenguas (MCER).<\/li>\n<\/ul>\n<p>Para la inscripci\u00f3n es totalmente necesario el cumplimiento de los requisitos expuestos en las bases que se presentan a continuaci\u00f3n:<\/p>\n<ul>\n<li><a href=\"https:\/\/drive.google.com\/open?id=1Bly9FfUecctF7PLnPEU3GxuqG8R0KgqL\" target=\"_blank\" rel=\"noopener\">Bases generales<\/a><\/li>\n<li><a href=\"https:\/\/drive.google.com\/file\/d\/14ggU0ig4Mck6n351ysvRXfV6HAt3CMDo\/view?usp=sharing\" target=\"_blank\" rel=\"noopener\">Perfil singular<\/a><\/li>\n<li>Anexo I. Documento de autobaremaci\u00f3n (<a href=\"https:\/\/drive.google.com\/file\/d\/1nr9RfMcCPJPRE67N-xBclF5onaF4DeH_\/view?usp=sharing\" target=\"_blank\" rel=\"noopener\">pdf<\/a>, <a href=\"https:\/\/drive.google.com\/file\/d\/1X_smQ31Ldju10OweezJkv8Ur-UmZ3guI\/view?usp=sharing\" target=\"_blank\" rel=\"noopener\">docx<\/a>, <a href=\"https:\/\/drive.google.com\/file\/d\/14Xz_rC_-p90zmEzw_UMUhfLt-sjPqzO8\/view?usp=sharing\" target=\"_blank\" rel=\"noopener\">odt<\/a>)<\/li>\n<\/ul>\n<p>Puedes inscribirte <a href=\"https:\/\/sede.fg.ull.es\/es\/empleo\/detalle\/a18120005\/fundacion-general-de-la-universidad-de-la-laguna-agencia-universitaria-de-innovacion\" target=\"_blank\" rel=\"noopener\">aqu\u00ed<\/a><\/p>\n<p>&nbsp;<\/p>\n","protected":false},"excerpt":{"rendered":"<p>Las personas interesadas en participar pueden presentar su candidatura a trav\u00e9s de la sede electr\u00f3nica de la Fundaci\u00f3n General de La Universidad de La Laguna, desde hoy hasta el pr\u00f3ximo 14 de diciembre de 2018. Los\/as candidatos\/as deben cumplir con lo expuesto en las bases generales y perfil singular de la convocatoria. Los requisitos m\u00ednimos&#8230;<\/p>\n","protected":false},"author":5,"featured_media":0,"comment_status":"closed","ping_status":"closed","sticky":false,"template":"","format":"standard","meta":{"footnotes":""},"categories":[52,232],"tags":[98,44],"featured_image_thumbnail_url":null,"_links":{"self":[{"href":"https:\/\/fg.ull.es\/noticias\/wp-json\/wp\/v2\/posts\/40056"}],"collection":[{"href":"https:\/\/fg.ull.es\/noticias\/wp-json\/wp\/v2\/posts"}],"about":[{"href":"https:\/\/fg.ull.es\/noticias\/wp-json\/wp\/v2\/types\/post"}],"author":[{"embeddable":true,"href":"https:\/\/fg.ull.es\/noticias\/wp-json\/wp\/v2\/users\/5"}],"replies":[{"embeddable":true,"href":"https:\/\/fg.ull.es\/noticias\/wp-json\/wp\/v2\/comments?post=40056"}],"version-history":[{"count":1,"href":"https:\/\/fg.ull.es\/noticias\/wp-json\/wp\/v2\/posts\/40056\/revisions"}],"predecessor-version":[{"id":40057,"href":"https:\/\/fg.ull.es\/noticias\/wp-json\/wp\/v2\/posts\/40056\/revisions\/40057"}],"wp:attachment":[{"href":"https:\/\/fg.ull.es\/noticias\/wp-json\/wp\/v2\/media?parent=40056"}],"wp:term":[{"taxonomy":"category","embeddable":true,"href":"https:\/\/fg.ull.es\/noticias\/wp-json\/wp\/v2\/categories?post=40056"},{"taxonomy":"post_tag","embeddable":true,"href":"https:\/\/fg.ull.es\/noticias\/wp-json\/wp\/v2\/tags?post=40056"}],"curies":[{"name":"wp","href":"https:\/\/api.w.org\/{rel}","templated":true}]}}