{"id":39965,"date":"2018-12-04T13:10:40","date_gmt":"2018-12-04T13:10:40","guid":{"rendered":"https:\/\/fg.ull.es\/noticias\/?p=39965"},"modified":"2018-12-04T13:13:00","modified_gmt":"2018-12-04T13:13:00","slug":"explorer-space-oportunidad-unica-para-la-comunidad-emprendedora-de-tenerife-alumnado-y-personas-tituladas-en-la-universidad-de-la-laguna","status":"publish","type":"post","link":"https:\/\/fg.ull.es\/noticias\/2018\/12\/04\/explorer-space-oportunidad-unica-para-la-comunidad-emprendedora-de-tenerife-alumnado-y-personas-tituladas-en-la-universidad-de-la-laguna\/","title":{"rendered":"\u2018Explorer Space\u2019, oportunidad \u00fanica para la comunidad emprendedora de Tenerife, alumnado y personas tituladas en la Universidad de La Laguna"},"content":{"rendered":"<section class=\"wpb-content-wrapper\"><p>[vc_row][vc_column][vc_column_text]<\/p>\n<h3>Los integrantes del proyecto ganador presentar\u00e1n su propuesta ante las empresas punteras de Silicon Valley y optar\u00e1n a 60.000 euros de financiaci\u00f3n.<\/h3>\n<p>La comunidad emprendedora de Tenerife tendr\u00e1 su gran oportunidad en la X edici\u00f3n del programa <strong>Explorer \u2018J\u00f3venes con Ideas\u2019<\/strong>. Las personas de entre 18 y 31 a\u00f1os recibir\u00e1n, durante cinco meses, <strong>formaci\u00f3n<\/strong> y <strong>asesoramiento<\/strong> de profesionales con dilatada experiencia en el mundo emprendedor para desarrollar sus ideas empresariales con las m\u00e1ximas garant\u00edas.<\/p>\n<p>Adem\u00e1s, el proyecto ganador de \u2018Explorer Space\u2019 ser\u00e1 premiado con un viaje a \u201cLa Meca de las grandes corporaciones tecnol\u00f3gicas y <em>start-ups<\/em>\u201d, <strong>Silicon Valley<\/strong>, y optar\u00e1 a <strong>60.000 euros de financiaci\u00f3n<\/strong>. El <strong>plazo de inscripci\u00f3n<\/strong> en este programa finaliza el pr\u00f3ximo mi\u00e9rcoles 12 de diciembre.<\/p>\n<p>[\/vc_column_text][\/vc_column][\/vc_row][vc_row][vc_column][vc_btn title=&#8221;INSCR\u00cdBETE A TRAV\u00c9S DE &#8216;SANTANDER X'&#8221; style=&#8221;classic&#8221; shape=&#8221;square&#8221; color=&#8221;danger&#8221; link=&#8221;url:https%3A%2F%2Fsantanderx.com%2F||target:%20_blank|&#8221;][\/vc_column][\/vc_row][vc_row][vc_column][vc_column_text]\u2018Explorer Space\u2019 tambi\u00e9n es una alternativa interesante para el <strong>alumnado<\/strong> y <strong>personas tituladas<\/strong> en la Universidad de La Laguna, ya que la adaptaci\u00f3n de Trabajos de Fin de Grado (<strong>TFG<\/strong>) y de M\u00e1ster (<strong>TFM<\/strong>) a los requisitos exigidos en este programa podr\u00eda ser el punto de partida de proyectos de futuro mucho m\u00e1s ambiciosos.<\/p>\n<p>A tal efecto, esta iniciativa impulsada por el Banco Santander a trav\u00e9s de Santander Universidades, con la coordinaci\u00f3n del <strong><a href=\"https:\/\/www.cise.es\/\">Centro Internacional Santander Emprendimiento<\/a><\/strong> (CISE) y la Universidad de La Laguna, ha impulsado a m\u00e1s de <strong>5.000 proyectos empresariales <\/strong>en sus nueve ediciones anteriores. A su vez, cuenta con la participaci\u00f3n activa de <strong>m\u00e1s de 150 instituciones p\u00fablicas y privadas<\/strong> como la Fundaci\u00f3n EY, Indra, Secot y Netberry.[\/vc_column_text][\/vc_column][\/vc_row][vc_row][vc_column width=&#8221;1\/2&#8243;][vc_column_text]A tal efecto, esta iniciativa impulsada por el Banco Santander a trav\u00e9s de Santander Universidades, con la coordinaci\u00f3n del <strong><a href=\"https:\/\/www.cise.es\/\">Centro Internacional Santander Emprendimiento<\/a><\/strong> (CISE) y la Universidad de La Laguna, ha impulsado a m\u00e1s de <strong>5.000 proyectos empresariales <\/strong>en sus nueve ediciones anteriores. A su vez, cuenta con la participaci\u00f3n activa de <strong>m\u00e1s de 150 instituciones p\u00fablicas y privadas<\/strong> como la Fundaci\u00f3n EY, Indra, Secot y Netberry.<\/p>\n<p>Por su parte, la plataforma digital \u2018Santander X\u2019 sirve de punto de encuentro para emprendedores\/as de todo el mundo, ofreciendo, adem\u00e1s, un <strong>entorno digital<\/strong>, <strong>abierto<\/strong> y <strong>colaborativo<\/strong>.<\/p>\n<p>Banco Santander tiene un firme compromiso con la Educaci\u00f3n Superior que materializa a trav\u00e9s de Santander Universidades, una iniciativa internacional \u00fanica que le distingue del resto de entidades financieras. Santander es la empresa privada que m\u00e1s invierte en apoyo a la Educaci\u00f3n en el mundo (Informe Varkey\/UNESCO\u2013Fortune 500) con m\u00e1s de 1.200 acuerdos de colaboraci\u00f3n con universidades e instituciones acad\u00e9micas de 21 pa\u00edses. Desde 2002, la entidad ha destinado m\u00e1s de 1.600 millones de euros a iniciativas y programas acad\u00e9micos.[\/vc_column_text][\/vc_column][vc_column width=&#8221;1\/2&#8243;][vc_cta h2=&#8221;\u00bfQu\u00e9 ocurre despu\u00e9s de los primeros cinco meses del programa?&#8221;]Los integrantes del <strong>proyecto mejor valorado<\/strong> presentar\u00e1n su idea de negocio en Silicon Valley junto a otros 56 emprendedores\/as de varios pa\u00edses. All\u00ed, en el mayor ecosistema de innovaci\u00f3n del mundo, recibir\u00e1n <strong>formaci\u00f3n<\/strong> de primer\u00edsimo nivel en las mejores empresas, <strong>asesoramiento en internacionalizaci\u00f3n<\/strong> y <strong>contacto con inversores<\/strong>. De todos ellos, los tres mejores obtendr\u00e1n <strong>30.000<\/strong>, <strong>20.000<\/strong> y <strong>10.000<\/strong> euros para potenciar su desarrollo.Los\/as seleccionadas ser\u00e1n asesorados de forma personalizada en<strong> centros de <em>coworking<\/em> de alto rendimiento<\/strong>, donde podr\u00e1n desempe\u00f1ar su trabajo en equipo y estar\u00e1n en contacto directo con otros miembros de la comunidad emprendedora.[\/vc_cta][\/vc_column][\/vc_row][vc_row][vc_column][vc_column_text]<a href=\"http:\/\/www.cise.es\/\">CISE<\/a>\u00a0es un centro que fomenta el esp\u00edritu emprendedor e impulsa la generaci\u00f3n de startups en todo el pa\u00eds. Con el respaldo de Banco Santander, la Universidad de Cantabria y el Gobierno de Cantabria desarrolla programas formativos que estimulan la creatividad de las personas y promueven la innovaci\u00f3n.[\/vc_column_text][\/vc_column][\/vc_row]<\/p>\n<\/section>","protected":false},"excerpt":{"rendered":"<p>[vc_row][vc_column][vc_column_text] Los integrantes del proyecto ganador presentar\u00e1n su propuesta ante las empresas punteras de Silicon Valley y optar\u00e1n a 60.000 euros de financiaci\u00f3n. La comunidad emprendedora de Tenerife tendr\u00e1 su gran oportunidad en la X edici\u00f3n del programa Explorer \u2018J\u00f3venes con Ideas\u2019. Las personas de entre 18 y 31 a\u00f1os recibir\u00e1n, durante cinco meses, formaci\u00f3n&#8230;<\/p>\n","protected":false},"author":24,"featured_media":39973,"comment_status":"closed","ping_status":"closed","sticky":false,"template":"","format":"standard","meta":{"footnotes":""},"categories":[374,278,655,232],"tags":[716,46,47,288,718,734,120,357,18],"featured_image_thumbnail_url":"https:\/\/fg.ull.es\/noticias\/wp-content\/uploads\/sites\/2\/2018\/12\/1280x7201-min-1-300x169.jpg","_links":{"self":[{"href":"https:\/\/fg.ull.es\/noticias\/wp-json\/wp\/v2\/posts\/39965"}],"collection":[{"href":"https:\/\/fg.ull.es\/noticias\/wp-json\/wp\/v2\/posts"}],"about":[{"href":"https:\/\/fg.ull.es\/noticias\/wp-json\/wp\/v2\/types\/post"}],"author":[{"embeddable":true,"href":"https:\/\/fg.ull.es\/noticias\/wp-json\/wp\/v2\/users\/24"}],"replies":[{"embeddable":true,"href":"https:\/\/fg.ull.es\/noticias\/wp-json\/wp\/v2\/comments?post=39965"}],"version-history":[{"count":7,"href":"https:\/\/fg.ull.es\/noticias\/wp-json\/wp\/v2\/posts\/39965\/revisions"}],"predecessor-version":[{"id":39974,"href":"https:\/\/fg.ull.es\/noticias\/wp-json\/wp\/v2\/posts\/39965\/revisions\/39974"}],"wp:featuredmedia":[{"embeddable":true,"href":"https:\/\/fg.ull.es\/noticias\/wp-json\/wp\/v2\/media\/39973"}],"wp:attachment":[{"href":"https:\/\/fg.ull.es\/noticias\/wp-json\/wp\/v2\/media?parent=39965"}],"wp:term":[{"taxonomy":"category","embeddable":true,"href":"https:\/\/fg.ull.es\/noticias\/wp-json\/wp\/v2\/categories?post=39965"},{"taxonomy":"post_tag","embeddable":true,"href":"https:\/\/fg.ull.es\/noticias\/wp-json\/wp\/v2\/tags?post=39965"}],"curies":[{"name":"wp","href":"https:\/\/api.w.org\/{rel}","templated":true}]}}