{"id":39839,"date":"2018-11-27T09:01:12","date_gmt":"2018-11-27T09:01:12","guid":{"rendered":"https:\/\/fg.ull.es\/noticias\/?p=39839"},"modified":"2018-11-27T09:01:12","modified_gmt":"2018-11-27T09:01:12","slug":"resultados-definitivos-de-la-parte-a-y-convocatoria-para-parte-b-del-examen-de-acreditaciones-de-ingles-acles-niveles-b1-y-b2-convocatoria-del-09-11-2018","status":"publish","type":"post","link":"https:\/\/fg.ull.es\/noticias\/2018\/11\/27\/resultados-definitivos-de-la-parte-a-y-convocatoria-para-parte-b-del-examen-de-acreditaciones-de-ingles-acles-niveles-b1-y-b2-convocatoria-del-09-11-2018\/","title":{"rendered":"Resultados definitivos de la parte A y convocatoria para parte B del examen de acreditaciones de ingl\u00e9s ACLES niveles B1 y B2 (Convocatoria del 09\/11\/2018)"},"content":{"rendered":"<p>Finalizado el periodo de reclamaciones y revisiones se publican los resultados definitivos de la parte escrita del examen de acreditaci\u00f3n, de nivel B1 y B2, celebrado el pasado 9 de noviembre<\/p>\n<p>&#8211;<a href=\"https:\/\/drive.google.com\/file\/d\/1BxhWQ2wG5b9shFN6h3zLobjEunztAH06\/view?usp=sharing\" target=\"_blank\" rel=\"noopener\">Resultados definitivos (parte A) nivel B1<\/a><\/p>\n<p>&#8211;<a href=\"https:\/\/drive.google.com\/file\/d\/1T63sME7VghQykE7KJd2qtqiWDlOnT06Z\/view?usp=sharing\" target=\"_blank\" rel=\"noopener\">Resultados definitivos (parte A) nivel B2<\/a><\/p>\n<p>A aquellas personas que lo hayan superado, se les emplaza para la realizaci\u00f3n de la <strong>prueba oral (parte B) <\/strong>el viernes<strong> 30 de noviembre <\/strong>en el aulario de la Fundaci\u00f3n, a la hora y en el aula, que se establece en la convocatoria:<\/p>\n<p>\u2013<a href=\"https:\/\/drive.google.com\/file\/d\/1KJTRYISJ0tOPPz6hU8i2deuCTwsVbDHo\/view?usp=sharing\" target=\"_blank\" rel=\"noopener\">Convocatoria (parte B) nivel B1<\/a><\/p>\n<p>\u2013<a href=\"https:\/\/drive.google.com\/file\/d\/1SyduetcB7PdrMp-G0H4SOzgkokSvUCJt\/view?usp=sharing\" target=\"_blank\" rel=\"noopener\">Convocatoria (parte B) nivel B2<\/a><\/p>\n<p>&nbsp;<\/p>\n<p>IMPORTANTE:<\/p>\n<ul>\n<li>Los\/as interesados\/as deber\u00e1n presentar el DNI, NIE o pasaporte <strong>en vigor<\/strong>, en cada una de las pruebas que se realicen.<\/li>\n<li>No podr\u00e1 entrar ninguna persona que no est\u00e9 en la lista, las personas que no aparezca en lista deber\u00e1 solucionar este aspecto en la secretar\u00eda de la FGULL.<\/li>\n<li>Debe acudir a la cita en la hora convocada, no pudi\u00e9ndose presentar en otro horario.<\/li>\n<li>Se informa a los\/as candidatos\/as de que <strong>su examen oral ser\u00e1 grabado<\/strong> (s\u00f3lo audio), solicit\u00e1ndose su autorizaci\u00f3n para fines de revisi\u00f3n de ex\u00e1menes, pedag\u00f3gicos y de estandarizaci\u00f3n de evaluadores a la presentaci\u00f3n de la hoja de firmas<\/li>\n<\/ul>\n<p>Les recordamos que tienen toda la informaci\u00f3n del desarrollo de las pruebas en:\u00a0<a href=\"https:\/\/fg.ull.es\/idiomas\/certificadas-por-acles\/\">https:\/\/fg.ull.es\/idiomas\/certificadas-por-acles\/<\/a>.<\/p>\n","protected":false},"excerpt":{"rendered":"<p>Finalizado el periodo de reclamaciones y revisiones se publican los resultados definitivos de la parte escrita del examen de acreditaci\u00f3n, de nivel B1 y B2, celebrado el pasado 9 de noviembre &#8211;Resultados definitivos (parte A) nivel B1 &#8211;Resultados definitivos (parte A) nivel B2 A aquellas personas que lo hayan superado, se les emplaza para la&#8230;<\/p>\n","protected":false},"author":6,"featured_media":0,"comment_status":"closed","ping_status":"closed","sticky":false,"template":"","format":"standard","meta":{"footnotes":""},"categories":[232],"tags":[],"featured_image_thumbnail_url":null,"_links":{"self":[{"href":"https:\/\/fg.ull.es\/noticias\/wp-json\/wp\/v2\/posts\/39839"}],"collection":[{"href":"https:\/\/fg.ull.es\/noticias\/wp-json\/wp\/v2\/posts"}],"about":[{"href":"https:\/\/fg.ull.es\/noticias\/wp-json\/wp\/v2\/types\/post"}],"author":[{"embeddable":true,"href":"https:\/\/fg.ull.es\/noticias\/wp-json\/wp\/v2\/users\/6"}],"replies":[{"embeddable":true,"href":"https:\/\/fg.ull.es\/noticias\/wp-json\/wp\/v2\/comments?post=39839"}],"version-history":[{"count":3,"href":"https:\/\/fg.ull.es\/noticias\/wp-json\/wp\/v2\/posts\/39839\/revisions"}],"predecessor-version":[{"id":39842,"href":"https:\/\/fg.ull.es\/noticias\/wp-json\/wp\/v2\/posts\/39839\/revisions\/39842"}],"wp:attachment":[{"href":"https:\/\/fg.ull.es\/noticias\/wp-json\/wp\/v2\/media?parent=39839"}],"wp:term":[{"taxonomy":"category","embeddable":true,"href":"https:\/\/fg.ull.es\/noticias\/wp-json\/wp\/v2\/categories?post=39839"},{"taxonomy":"post_tag","embeddable":true,"href":"https:\/\/fg.ull.es\/noticias\/wp-json\/wp\/v2\/tags?post=39839"}],"curies":[{"name":"wp","href":"https:\/\/api.w.org\/{rel}","templated":true}]}}