{"id":39807,"date":"2018-11-23T14:52:07","date_gmt":"2018-11-23T14:52:07","guid":{"rendered":"https:\/\/fg.ull.es\/noticias\/?p=39807"},"modified":"2018-12-21T13:08:55","modified_gmt":"2018-12-21T13:08:55","slug":"15-proyectos-emprendedores-10-premios-y-mas-de-100-asistentes-en-la-final-de-campus-pitch","status":"publish","type":"post","link":"https:\/\/fg.ull.es\/noticias\/2018\/11\/23\/15-proyectos-emprendedores-10-premios-y-mas-de-100-asistentes-en-la-final-de-campus-pitch\/","title":{"rendered":"15 proyectos emprendedores, 10 premios y m\u00e1s de 200 asistentes en la final de \u2018Campus Pitch\u2019"},"content":{"rendered":"<section class=\"wpb-content-wrapper\"><p>[vc_row][vc_column][vc_column_text]<\/p>\n<h3>El jurado deliber\u00f3 en base a la creatividad, viabilidad t\u00e9cnica, propuesta de valor y <em>Storytellin <\/em>de cada una de las ideas empresariales que se dieron cita en el \u2018Foro de Presentaci\u00f3n de Proyectos&#8217;, celebrado esta ma\u00f1ana en la Facultad de Econom\u00eda, Empresa y Turismo de la ULL.<\/h3>\n<p>Las empresas y jurado de \u2018<strong>Campus Pitch<\/strong>\u2019, la Feria de la Comunidad Emprendedora, seleccionaron entre las 9 y 11 horas de esta ma\u00f1ana a los <strong>ganadores<\/strong> del certamen promovido por la <strong><a href=\"https:\/\/fg.ull.es\/empleo\/emprende-ull\/\">Unidad de Emprendimiento de la Fundaci\u00f3n General de la ULL<\/a>, Emprende.ULL<\/strong>. El \u2018<strong>Foro de Presentaci\u00f3n de Proyectos<\/strong>\u2019 se celebr\u00f3 en el Aula Magna de la Facultad de Econom\u00eda, Empresa y Turismo de la Universidad de La Laguna y, en \u00e9l, se expusieron las <strong><a href=\"https:\/\/fg.ull.es\/noticias\/2018\/11\/22\/los-15-mejores-proyectos-emprendedores-de-campus-pitch-se-expondran-manana-ante-un-jurado-de-profesionales-y-las-empresas-patrocinadoras\/\">15 mejores ideas empresariales elegidas en la Feria Itinerante<\/a><\/strong>que se ha desarrollado durante los pasados d\u00edas 19, 20 y 21 de noviembre en diferentes espacios abiertos de los Campus universitarios.<\/p>\n<p>Esta final congreg\u00f3 a m\u00e1s de cien personas entre el p\u00fablico, con una gran presencia de estudiantes y tambi\u00e9n con numerosos representantes empresariales y profesorado universitario.<\/p>\n<p><img decoding=\"async\" loading=\"lazy\" class=\"alignnone wp-image-39815 size-large\" src=\"https:\/\/fg.ull.es\/noticias\/wp-content\/uploads\/sites\/2\/2018\/11\/optimized-xhhn-1024x668.jpg\" alt=\"\" width=\"1024\" height=\"668\" srcset=\"https:\/\/fg.ull.es\/noticias\/wp-content\/uploads\/sites\/2\/2018\/11\/optimized-xhhn-1024x668.jpg 1024w, https:\/\/fg.ull.es\/noticias\/wp-content\/uploads\/sites\/2\/2018\/11\/optimized-xhhn-300x196.jpg 300w, https:\/\/fg.ull.es\/noticias\/wp-content\/uploads\/sites\/2\/2018\/11\/optimized-xhhn-768x501.jpg 768w, https:\/\/fg.ull.es\/noticias\/wp-content\/uploads\/sites\/2\/2018\/11\/optimized-xhhn-375x245.jpg 375w, https:\/\/fg.ull.es\/noticias\/wp-content\/uploads\/sites\/2\/2018\/11\/optimized-xhhn-750x489.jpg 750w, https:\/\/fg.ull.es\/noticias\/wp-content\/uploads\/sites\/2\/2018\/11\/optimized-xhhn-1140x743.jpg 1140w\" sizes=\"(max-width: 1024px) 100vw, 1024px\" \/><\/p>\n<p>El jurado estuvo compuesto por la t\u00e9cnica de emprendimiento de <strong>Intech Tenerife<\/strong>, Jesica Barrios; la colaboradora de <strong>Emprende.ULL<\/strong>, Emma Mar\u00eda Gonz\u00e1lez; el director de la <strong>Fundaci\u00f3n FYDE Cajacanarias<\/strong>, Francisco Reyes; el responsable de Banca de Empresas de<strong> Cajasiete<\/strong>, Fernando Tabares; la consultora de <strong>Garoe Travis Consultores<\/strong>, Raquel Correa; el jefe de servicio de Fomento y Promoci\u00f3n del <strong>Instituto Canario de Calidad Agroalimentaria, Consejer\u00eda de Agricultura, Ganader\u00eda y Pesca<\/strong>, Jos\u00e9 Luis Gonz\u00e1lez; la CEO de <strong>Senda Ecoway<\/strong>, Lola Rodr\u00edguez\u00a0y la directora de proyectos de <strong>Turisfera<\/strong>, Carmen D\u00edaz.<\/p>\n<p>La jornada se abri\u00f3 con la intervenci\u00f3n del director gerente de la Fundaci\u00f3n General de la Universidad de La Laguna, <strong>Julio Brito<\/strong>, que agradeci\u00f3 a todos los participantes su implicaci\u00f3n, tanto al conjunto de emprendedores como a las empresas patrocinadoras y al equipo de acompa\u00f1amiento de EmprendeULL. Adem\u00e1s, expres\u00f3 que &#8220;la universidad es clave; formarse es indispensable en estos tiempos, tambi\u00e9n para emprender. La ULL tiene el empe\u00f1o de contribuir a que se introduzca savia nueva en nuestro tejido econ\u00f3mico y con este tipo de iniciativas esperamos cumplir ese objetivo.&#8221;<\/p>\n<p>Posteriormente, el jurado deliber\u00f3 en base a la <strong>creatividad<\/strong>, <strong>viabilidad t\u00e9cnica<\/strong>, <strong>propuesta de valor<\/strong> y <strong><em>Storytelling<\/em><\/strong> (capacidad de contar su modelo de negocio en una historia o cuento que llame la atenci\u00f3n y sea vendible) de cada uno de los proyectos, tras sendas presentaciones. A tal efecto, se concedieron hasta <strong>10 galardones<\/strong> durante la entrega de premios, todos gracias al compromiso de los patrocinadores.<\/p>\n<p><img decoding=\"async\" loading=\"lazy\" class=\"alignnone wp-image-39817 size-large\" src=\"https:\/\/fg.ull.es\/noticias\/wp-content\/uploads\/sites\/2\/2018\/11\/optimized-kewr-1024x684.jpg\" alt=\"\" width=\"1024\" height=\"684\" srcset=\"https:\/\/fg.ull.es\/noticias\/wp-content\/uploads\/sites\/2\/2018\/11\/optimized-kewr-1024x684.jpg 1024w, https:\/\/fg.ull.es\/noticias\/wp-content\/uploads\/sites\/2\/2018\/11\/optimized-kewr-300x201.jpg 300w, https:\/\/fg.ull.es\/noticias\/wp-content\/uploads\/sites\/2\/2018\/11\/optimized-kewr-768x513.jpg 768w, https:\/\/fg.ull.es\/noticias\/wp-content\/uploads\/sites\/2\/2018\/11\/optimized-kewr-375x251.jpg 375w, https:\/\/fg.ull.es\/noticias\/wp-content\/uploads\/sites\/2\/2018\/11\/optimized-kewr-750x501.jpg 750w, https:\/\/fg.ull.es\/noticias\/wp-content\/uploads\/sites\/2\/2018\/11\/optimized-kewr-1140x762.jpg 1140w\" sizes=\"(max-width: 1024px) 100vw, 1024px\" \/><\/p>\n<p>`Campus Pitch\u00b4 ha sido organizado por la Universidad de La Laguna a trav\u00e9s de su Fundaci\u00f3n General, en colaboraci\u00f3n con el Servicio Canario de Empleo y la Consejer\u00eda Agricultura, Ganader\u00eda, Pesca y Aguas del Gobierno de Canarias. Adem\u00e1s, cont\u00f3 con la colaboraci\u00f3n de un nutrido grupo de patrocinadores comprometidos con el desarrollo de la cultura emprendedora en Tenerife: Fred Olsen Express, Cajasiete, Senda Ecoway, Fundaci\u00f3n DISA, INTech Tenerife, Turisfera, Metriz y Fundaci\u00f3n Fyde-Caja Canarias, Consejer\u00eda de Agricultura, Ganader\u00eda, Pesca y Aguas y Garoe Travis.<\/p>\n<p>Estas acciones est\u00e1n cofinanciadas por Fondos Comunitarios del Fondo Social Europeo, por medio del programa operativo FSE Canarias, para el periodo 2014-2020, con un porcentaje del 85%, y por el Plan Especial de Empleo de Canarias.<\/p>\n<p>[\/vc_column_text][\/vc_column][\/vc_row][vc_row][vc_column][vc_cta h2=&#8221;Los 9 proyectos premiados por el jurado&#8221;]<\/p>\n<p>Tras una votaci\u00f3n ajustada, pues todos los proyectos emprendedores presentados en la final de \u2018Campus Pitch\u2019 cumplieron las condiciones necesarias para ser premiados, <strong>el jurado seleccion\u00f3 a los nueve mejores<\/strong>.<\/p>\n<p><strong><a href=\"https:\/\/www.intechtenerife.es\/\">Intech Tenerife<\/a><\/strong> obsequi\u00f3 con el <strong><em>Premio Intech<\/em> <em>Coworking<\/em> para un periodo de 6 meses<\/strong> a \u2018<strong><a href=\"https:\/\/twitter.com\/digitalcodesign\">Digital Codesign<\/a><\/strong><em>\u2019<\/em>, empresa representada por Miqueas Fortes y compuesta por j\u00f3venes ingenieros\/as especializadas en el desarrollo de <strong>productos tecnol\u00f3gicos<\/strong> y <strong>formaci\u00f3n adaptada<\/strong> al profesorado y estudiantado m\u00e1s joven. Intech tambi\u00e9n premi\u00f3 con accesos a \u00e1reas de <em>Coworking<\/em> para periodos<strong> de 4 y 2 meses<\/strong> a la agencia de fotograf\u00eda, v\u00eddeo y <em>Social Media<\/em>, \u2018<strong>Sizygia<\/strong>\u2019, capitaneada por Estefan\u00eda de la Hoz; y \u2018<strong>Makai<\/strong>\u2019, gestionada por Alba Dorta y Daniel Pereira, respectivamente. `Makai, una residencia de mascotas con un car\u00e1cter joven e innovador, recibi\u00f3, adem\u00e1s, el <strong>\u201cPremio del P\u00fablico\u201d<\/strong>, consistente en una dotaci\u00f3n de material aportado por la Fundaci\u00f3n Disa.<\/p>\n<p>Por su parte, Mar\u00eda Hern\u00e1ndez, creadora de \u2018<strong><a href=\"https:\/\/caractercanario.com\/\">Car\u00e1cter Canario<\/a><\/strong>\u2019, recibi\u00f3 el <strong><em>Premio<\/em> <em>Viaje Fred Olsen<\/em><\/strong>. Este proyecto emprendedor consiste en la creaci\u00f3n de unas cajitas-obsequio con productos de calidad elaborados y producidos en las Islas.<\/p>\n<p>El <strong><em>Premio Cajasiete<\/em><\/strong> fue para la empresa \u2018<strong><a href=\"http:\/\/fisioalthea.com\/\">ALTHEA Fisioterapia Avanzada<\/a><\/strong>\u2019. ALTHEA est\u00e1 formada por Luz Garc\u00eda, Rut Acosta, Isaac Acosta y Fabio Garc\u00eda.<\/p>\n<p>El estudio de dise\u00f1o e ilustraciones en acuarela a cargo de Macarena Daher, \u2018<strong><a href=\"https:\/\/www.heymacarena.es\/\">Hey Macarena<\/a><\/strong>\u2019, fue reconocido en el \u2018Foro de Presentaci\u00f3n de Proyectos\u2019 a trav\u00e9s del <strong><em>Premio M\u00e9triz<\/em><\/strong>. Los dise\u00f1os de este estudio se crean a partir de la observaci\u00f3n de la cultura y el mundo natural de Canarias.<\/p>\n<p>El proyecto innovador que m\u00e1s se adapt\u00f3 a los est\u00e1ndares de los <strong><em>Premios Turisfera<\/em><\/strong> fue \u2018<strong><a href=\"https:\/\/3dversity.es\/\">3Diversity<\/a><\/strong>\u2019, representado por Joseph Manuel Franco. La propuesta de valor de esta empresa consiste en la fabricaci\u00f3n de piezas customizadas o replicadas espec\u00edficas para el sector de la automoci\u00f3n.<\/p>\n<p>La pintora y artesana, <a href=\"https:\/\/www.instagram.com\/anarosa.art\/?hl=es\"><strong>Ana Rosa Mart\u00edn<\/strong><\/a>, se subi\u00f3 al escenario para recoger el premio entregado por la asesor\u00eda <strong>Garo\u00e9 Travis<\/strong>. Un premio que consiste en recibir, de manera gratuita durante 4 meses, un programa de asesoramiento integral especial para emprendedores y emprendedoras.<\/p>\n<p>La \u00faltima en subir al escenario para recoger su premio fue la integrante de la agencia de comercio electr\u00f3nico \u2018<strong><a href=\"https:\/\/www.lillop.com\/\">Lillop Studios<\/a><\/strong>\u2019, Lorena Valle. Los profesionales de Lillop est\u00e1n especializados en la plataforma <em>PrestaShop<\/em>, la cual facilita la creaci\u00f3n de tiendas online a medida.[\/vc_cta][\/vc_column][\/vc_row]<\/p>\n<\/section>","protected":false},"excerpt":{"rendered":"<p>[vc_row][vc_column][vc_column_text] El jurado deliber\u00f3 en base a la creatividad, viabilidad t\u00e9cnica, propuesta de valor y Storytellin de cada una de las ideas empresariales que se dieron cita en el \u2018Foro de Presentaci\u00f3n de Proyectos&#8217;, celebrado esta ma\u00f1ana en la Facultad de Econom\u00eda, Empresa y Turismo de la ULL. Las empresas y jurado de \u2018Campus Pitch\u2019,&#8230;<\/p>\n","protected":false},"author":24,"featured_media":39819,"comment_status":"closed","ping_status":"closed","sticky":false,"template":"","format":"standard","meta":{"footnotes":""},"categories":[374,278,7],"tags":[664,251,46,47,558,33,44,348,120,13],"featured_image_thumbnail_url":"https:\/\/fg.ull.es\/noticias\/wp-content\/uploads\/sites\/2\/2018\/11\/campus-pitch-emprendedores1-300x178.jpg","_links":{"self":[{"href":"https:\/\/fg.ull.es\/noticias\/wp-json\/wp\/v2\/posts\/39807"}],"collection":[{"href":"https:\/\/fg.ull.es\/noticias\/wp-json\/wp\/v2\/posts"}],"about":[{"href":"https:\/\/fg.ull.es\/noticias\/wp-json\/wp\/v2\/types\/post"}],"author":[{"embeddable":true,"href":"https:\/\/fg.ull.es\/noticias\/wp-json\/wp\/v2\/users\/24"}],"replies":[{"embeddable":true,"href":"https:\/\/fg.ull.es\/noticias\/wp-json\/wp\/v2\/comments?post=39807"}],"version-history":[{"count":12,"href":"https:\/\/fg.ull.es\/noticias\/wp-json\/wp\/v2\/posts\/39807\/revisions"}],"predecessor-version":[{"id":39835,"href":"https:\/\/fg.ull.es\/noticias\/wp-json\/wp\/v2\/posts\/39807\/revisions\/39835"}],"wp:featuredmedia":[{"embeddable":true,"href":"https:\/\/fg.ull.es\/noticias\/wp-json\/wp\/v2\/media\/39819"}],"wp:attachment":[{"href":"https:\/\/fg.ull.es\/noticias\/wp-json\/wp\/v2\/media?parent=39807"}],"wp:term":[{"taxonomy":"category","embeddable":true,"href":"https:\/\/fg.ull.es\/noticias\/wp-json\/wp\/v2\/categories?post=39807"},{"taxonomy":"post_tag","embeddable":true,"href":"https:\/\/fg.ull.es\/noticias\/wp-json\/wp\/v2\/tags?post=39807"}],"curies":[{"name":"wp","href":"https:\/\/api.w.org\/{rel}","templated":true}]}}