{"id":39769,"date":"2018-11-22T11:09:41","date_gmt":"2018-11-22T11:09:41","guid":{"rendered":"https:\/\/fg.ull.es\/noticias\/?p=39769"},"modified":"2018-11-22T11:10:09","modified_gmt":"2018-11-22T11:10:09","slug":"subsanacion-de-notas-provisionales-acles-nivel-b1-de-la-prueba-escrita-parte-a-de-la-convocatoria-del-9-de-noviembre","status":"publish","type":"post","link":"https:\/\/fg.ull.es\/noticias\/2018\/11\/22\/subsanacion-de-notas-provisionales-acles-nivel-b1-de-la-prueba-escrita-parte-a-de-la-convocatoria-del-9-de-noviembre\/","title":{"rendered":"Subsanaci\u00f3n de notas provisionales ACLES nivel B1 de la prueba escrita (parte A) de la convocatoria del 9 de noviembre"},"content":{"rendered":"<p>Advertido error se procede a la subsanaci\u00f3n los resultados provisionales de ACLES nivel B1 de la convocatoria celebrada el pasado 9 de noviembre<\/p>\n<p><a href=\"https:\/\/drive.google.com\/file\/d\/16Wxyvp0dsLMLkiEfyx66AlN8EjXFDrfm\/view?usp=sharing\" target=\"_blank\" rel=\"noopener\"><strong>Resultados provisionales (parte A) nivel B1<\/strong><\/a><\/p>\n<p>Se les recuerda que las revisiones y reclamaciones, tal y como se comunic\u00f3 en d\u00eda del examen, se har\u00e1n\u00a0<strong>\u00fanicamente de forma <\/strong><strong>presencial,<\/strong> ma\u00f1ana viernes 23 de noviembre de 12:00 a 14:00 horas en el aula 1 del aulario de la Fundaci\u00f3n.<\/p>\n<p>Finalizado el periodo de revisi\u00f3n se publicar\u00e1n los resultados definitivos y se convocar\u00e1 a aquellas personas que hayan superado la prueba para la realizaci\u00f3n del examen oral (parte B).<\/p>\n<p>&nbsp;<\/p>\n","protected":false},"excerpt":{"rendered":"<p>Advertido error se procede a la subsanaci\u00f3n los resultados provisionales de ACLES nivel B1 de la convocatoria celebrada el pasado 9 de noviembre Resultados provisionales (parte A) nivel B1 Se les recuerda que las revisiones y reclamaciones, tal y como se comunic\u00f3 en d\u00eda del examen, se har\u00e1n\u00a0\u00fanicamente de forma presencial, ma\u00f1ana viernes 23 de&#8230;<\/p>\n","protected":false},"author":6,"featured_media":0,"comment_status":"closed","ping_status":"closed","sticky":false,"template":"","format":"standard","meta":{"footnotes":""},"categories":[232],"tags":[],"featured_image_thumbnail_url":null,"_links":{"self":[{"href":"https:\/\/fg.ull.es\/noticias\/wp-json\/wp\/v2\/posts\/39769"}],"collection":[{"href":"https:\/\/fg.ull.es\/noticias\/wp-json\/wp\/v2\/posts"}],"about":[{"href":"https:\/\/fg.ull.es\/noticias\/wp-json\/wp\/v2\/types\/post"}],"author":[{"embeddable":true,"href":"https:\/\/fg.ull.es\/noticias\/wp-json\/wp\/v2\/users\/6"}],"replies":[{"embeddable":true,"href":"https:\/\/fg.ull.es\/noticias\/wp-json\/wp\/v2\/comments?post=39769"}],"version-history":[{"count":2,"href":"https:\/\/fg.ull.es\/noticias\/wp-json\/wp\/v2\/posts\/39769\/revisions"}],"predecessor-version":[{"id":39771,"href":"https:\/\/fg.ull.es\/noticias\/wp-json\/wp\/v2\/posts\/39769\/revisions\/39771"}],"wp:attachment":[{"href":"https:\/\/fg.ull.es\/noticias\/wp-json\/wp\/v2\/media?parent=39769"}],"wp:term":[{"taxonomy":"category","embeddable":true,"href":"https:\/\/fg.ull.es\/noticias\/wp-json\/wp\/v2\/categories?post=39769"},{"taxonomy":"post_tag","embeddable":true,"href":"https:\/\/fg.ull.es\/noticias\/wp-json\/wp\/v2\/tags?post=39769"}],"curies":[{"name":"wp","href":"https:\/\/api.w.org\/{rel}","templated":true}]}}