{"id":39528,"date":"2018-11-13T18:00:03","date_gmt":"2018-11-13T18:00:03","guid":{"rendered":"https:\/\/fg.ull.es\/noticias\/?p=39528"},"modified":"2018-11-19T13:12:41","modified_gmt":"2018-11-19T13:12:41","slug":"segundo-listado-provisional-de-la-convocatoria-de-seleccion-de-una-beca-formativa-de-investigacion-para-participar-en-el-proyecto-plan-de-actuacion-insular-volcanico-de-la-isla-de-la-palma","status":"publish","type":"post","link":"https:\/\/fg.ull.es\/noticias\/2018\/11\/13\/segundo-listado-provisional-de-la-convocatoria-de-seleccion-de-una-beca-formativa-de-investigacion-para-participar-en-el-proyecto-plan-de-actuacion-insular-volcanico-de-la-isla-de-la-palma\/","title":{"rendered":"Segundo listado provisional de la convocatoria de selecci\u00f3n de una beca formativa de investigaci\u00f3n para participar en el proyecto \u201cPlan de Actuaci\u00f3n Insular Volc\u00e1nico de la Isla de La Palma\u201d (2018BDB009)"},"content":{"rendered":"<section class=\"wpb-content-wrapper\"><p>[vc_row][vc_column][vc_column_text]<\/p>\n<h4>El periodo de reclamacion se inicia el\u00a0d\u00eda 14\/11\/2018 y finaliza el pr\u00f3ximo 16\/11\/2018 a las 23:59 horas.<\/h4>\n<p>A partir de este momento, comienza el periodo de alegaciones que, en ning\u00fan caso, ser\u00e1 periodo de subsanaci\u00f3n de documentaci\u00f3n. Finalizado \u00e9ste, a las <strong>23:59<\/strong> <strong>horas del 16 de noviembre de 2018<\/strong>, y resueltas \u00e9stas, se proceder\u00e1 a publicar el segundo listado definitivo.<\/p>\n<p>Las alegaciones \u00fanica y exclusivamente se podr\u00e1n presentar telem\u00e1ticamente al correo electr\u00f3nico seleccion@fg.ull.es y utilizando el siguiente documento normalizado: <a href=\"https:\/\/drive.google.com\/file\/d\/0Bw3NGKR8uBCOc1ZNVzZGNUtDa28\/view\">documento de alegaciones<\/a>.[\/vc_column_text][vc_empty_space][\/vc_column][\/vc_row][vc_row][vc_column width=&#8221;1\/2&#8243;][vc_column_text]<\/p>\n<h4>Bases generales<\/h4>\n<p>[\/vc_column_text][\/vc_column][vc_column width=&#8221;1\/2&#8243;][vc_btn title=&#8221;Descargar Bases Generales&#8221; style=&#8221;custom&#8221; custom_background=&#8221;#c2185b&#8221; custom_text=&#8221;#ffffff&#8221; shape=&#8221;square&#8221; align=&#8221;center&#8221; i_align=&#8221;right&#8221; i_icon_fontawesome=&#8221;fa fa-arrow-circle-o-down&#8221; button_block=&#8221;true&#8221; add_icon=&#8221;true&#8221; link=&#8221;url:https%3A%2F%2Fdrive.google.com%2Fopen%3Fid%3D1GnUJpQ4U3ENftaQLqw4JIwh7ps9ITvYj||target:%20_blank|&#8221;][\/vc_column][\/vc_row][vc_row][vc_column][vc_separator][\/vc_column][\/vc_row][vc_row][vc_column width=&#8221;1\/2&#8243;][vc_column_text]<\/p>\n<h4>Perfil singular<\/h4>\n<p>[\/vc_column_text][\/vc_column][vc_column width=&#8221;1\/2&#8243;][vc_btn title=&#8221;Descargar Perfil Singular&#8221; style=&#8221;custom&#8221; custom_background=&#8221;#c2185b&#8221; custom_text=&#8221;#ffffff&#8221; shape=&#8221;square&#8221; align=&#8221;center&#8221; i_align=&#8221;right&#8221; i_icon_fontawesome=&#8221;fa fa-file-pdf-o&#8221; button_block=&#8221;true&#8221; add_icon=&#8221;true&#8221; link=&#8221;url:https%3A%2F%2Fdrive.google.com%2Fopen%3Fid%3D1rODKWUmEzAWMOedJq0Yw2BWDrFj784aW||target:%20_blank|&#8221;][\/vc_column][\/vc_row][vc_row][vc_column][vc_separator][\/vc_column][\/vc_row][vc_row][vc_column width=&#8221;2\/4&#8243;][vc_column_text]<\/p>\n<h4>Anexo R.<\/h4>\n<h4>Documento de alegaciones<\/h4>\n<p>[\/vc_column_text][\/vc_column][vc_column width=&#8221;1\/4&#8243;][\/vc_column][vc_column width=&#8221;1\/4&#8243;][vc_btn title=&#8221;(Docx)&#8221; shape=&#8221;square&#8221; color=&#8221;inverse&#8221; align=&#8221;center&#8221; i_align=&#8221;right&#8221; i_icon_fontawesome=&#8221;fa fa-file-word-o&#8221; button_block=&#8221;true&#8221; add_icon=&#8221;true&#8221; link=&#8221;url:https%3A%2F%2Fdrive.google.com%2Ffile%2Fd%2F0Bw3NGKR8uBCOc1ZNVzZGNUtDa28%2Fview|||&#8221;][\/vc_column][\/vc_row][vc_row][vc_column][vc_separator][\/vc_column][\/vc_row][vc_row][vc_column width=&#8221;1\/2&#8243;][vc_column_text]<\/p>\n<h4><strong>Descargar listado provisional:<\/strong><\/h4>\n<p>[\/vc_column_text][\/vc_column][vc_column width=&#8221;1\/2&#8243;][vc_btn title=&#8221;Descargar aqu\u00ed &#8221; style=&#8221;custom&#8221; custom_background=&#8221;#d800a2&#8243; custom_text=&#8221;#ffffff&#8221; shape=&#8221;square&#8221; size=&#8221;lg&#8221; align=&#8221;center&#8221; i_align=&#8221;right&#8221; i_icon_fontawesome=&#8221;fa fa-plus-circle&#8221; button_block=&#8221;true&#8221; add_icon=&#8221;true&#8221; link=&#8221;url:https%3A%2F%2Fdrive.google.com%2Fopen%3Fid%3D1w4EcsLc5psezZrWFEYwPhHaSimw68siR||target:%20_blank|&#8221;][\/vc_column][\/vc_row]<\/p>\n<\/section>","protected":false},"excerpt":{"rendered":"<p>[vc_row][vc_column][vc_column_text] El periodo de reclamacion se inicia el\u00a0d\u00eda 14\/11\/2018 y finaliza el pr\u00f3ximo 16\/11\/2018 a las 23:59 horas. A partir de este momento, comienza el periodo de alegaciones que, en ning\u00fan caso, ser\u00e1 periodo de subsanaci\u00f3n de documentaci\u00f3n. Finalizado \u00e9ste, a las 23:59 horas del 16 de noviembre de 2018, y resueltas \u00e9stas, se proceder\u00e1&#8230;<\/p>\n","protected":false},"author":25,"featured_media":0,"comment_status":"closed","ping_status":"closed","sticky":false,"template":"","format":"standard","meta":{"footnotes":""},"categories":[232],"tags":[],"featured_image_thumbnail_url":null,"_links":{"self":[{"href":"https:\/\/fg.ull.es\/noticias\/wp-json\/wp\/v2\/posts\/39528"}],"collection":[{"href":"https:\/\/fg.ull.es\/noticias\/wp-json\/wp\/v2\/posts"}],"about":[{"href":"https:\/\/fg.ull.es\/noticias\/wp-json\/wp\/v2\/types\/post"}],"author":[{"embeddable":true,"href":"https:\/\/fg.ull.es\/noticias\/wp-json\/wp\/v2\/users\/25"}],"replies":[{"embeddable":true,"href":"https:\/\/fg.ull.es\/noticias\/wp-json\/wp\/v2\/comments?post=39528"}],"version-history":[{"count":3,"href":"https:\/\/fg.ull.es\/noticias\/wp-json\/wp\/v2\/posts\/39528\/revisions"}],"predecessor-version":[{"id":39635,"href":"https:\/\/fg.ull.es\/noticias\/wp-json\/wp\/v2\/posts\/39528\/revisions\/39635"}],"wp:attachment":[{"href":"https:\/\/fg.ull.es\/noticias\/wp-json\/wp\/v2\/media?parent=39528"}],"wp:term":[{"taxonomy":"category","embeddable":true,"href":"https:\/\/fg.ull.es\/noticias\/wp-json\/wp\/v2\/categories?post=39528"},{"taxonomy":"post_tag","embeddable":true,"href":"https:\/\/fg.ull.es\/noticias\/wp-json\/wp\/v2\/tags?post=39528"}],"curies":[{"name":"wp","href":"https:\/\/api.w.org\/{rel}","templated":true}]}}