{"id":39428,"date":"2018-11-13T12:02:44","date_gmt":"2018-11-13T12:02:44","guid":{"rendered":"https:\/\/fg.ull.es\/noticias\/?p=39428"},"modified":"2018-11-13T12:11:19","modified_gmt":"2018-11-13T12:11:19","slug":"subsanacion-_-segundo-listado-provisional-de-la-convocatoria-de-seleccion-de-personal-para-conformar-una-bolsa-de-empleo-para-el-desarrollo-de-actividades-de-gestion-administrativa-de-proyectos-de-emp","status":"publish","type":"post","link":"https:\/\/fg.ull.es\/noticias\/2018\/11\/13\/subsanacion-_-segundo-listado-provisional-de-la-convocatoria-de-seleccion-de-personal-para-conformar-una-bolsa-de-empleo-para-el-desarrollo-de-actividades-de-gestion-administrativa-de-proyectos-de-emp\/","title":{"rendered":"SUBSANACI\u00d3N _ Segundo listado provisional de la convocatoria de selecci\u00f3n de personal para conformar una bolsa de empleo para el desarrollo de actividades de gesti\u00f3n administrativa de proyectos de empleo (2018BDE027)"},"content":{"rendered":"<h4>A continuaci\u00f3n, se presenta la SUBSANACI\u00d3N\u00a0 de errores del segundo listado\u00a0provisional de la convocatoria de selecci\u00f3n de personal para conformar una bolsa de empleo para el desarrollo de actividades de gesti\u00f3n administrativa de proyectos de empleo (2018BDE027)<\/h4>\n<p>A partir de este momento, comienza el periodo de alegaciones que, en ning\u00fan caso, ser\u00e1 periodo de subsanaci\u00f3n de documentaci\u00f3n. Finalizado \u00e9ste, a las 23:59 horas del 16 de noviembre de 2018, y resueltas \u00e9stas, se proceder\u00e1 a publicar el segundo y \u00faltimo listado definitivo.<\/p>\n<p>Las alegaciones \u00fanica y exclusivamente se podr\u00e1n presentar telem\u00e1ticamente al correo electr\u00f3nico seleccion@fg.ull.es y utilizando el siguiente documento normalizado: documento de alegaciones\u00a0(<a href=\"https:\/\/drive.google.com\/file\/d\/1AjQ2_QoJh8y4Wk4pXTFHDmMWWJDjdPWj\/view\" target=\"_blank\" rel=\"noopener\">WORD<\/a>,\u00a0<a href=\"https:\/\/drive.google.com\/file\/d\/1DuuuV1M41CdeChfBIGuGTkTBnbaMQ-a0\/view\" target=\"_blank\" rel=\"noopener\">PDF<\/a>,\u00a0<a href=\"https:\/\/drive.google.com\/file\/d\/1ojwPeI6mI3VqEui-FawdtsWLyRuXbPJp\/view\" target=\"_blank\" rel=\"noopener\">ODT<\/a>).<\/p>\n<p>Para la valoraci\u00f3n de todas y cada una de las candidaturas, y de los futuros procesos, se ha tomado\/tomar\u00e1 como fundamento lo especificado en:<\/p>\n<ul>\n<li><a href=\"https:\/\/drive.google.com\/file\/d\/1Bly9FfUecctF7PLnPEU3GxuqG8R0KgqL\/view\"><strong>Bases generales<\/strong><\/a><\/li>\n<li><a href=\"https:\/\/drive.google.com\/file\/d\/1JdQTxRpPLvw_92LVXrGKhVymhwo9OTXY\/view\"><strong>Perfil singular<\/strong><\/a><\/li>\n<\/ul>\n<p>Puede ver el Segundo Listado Provisional\u00a0<a href=\"https:\/\/drive.google.com\/open?id=168u1Jy9TdRLTTicmXLAtnyDwa87bHM_Q\">aqu\u00ed<\/a><\/p>\n","protected":false},"excerpt":{"rendered":"<p>A continuaci\u00f3n, se presenta la SUBSANACI\u00d3N\u00a0 de errores del segundo listado\u00a0provisional de la convocatoria de selecci\u00f3n de personal para conformar una bolsa de empleo para el desarrollo de actividades de gesti\u00f3n administrativa de proyectos de empleo (2018BDE027) A partir de este momento, comienza el periodo de alegaciones que, en ning\u00fan caso, ser\u00e1 periodo de subsanaci\u00f3n&#8230;<\/p>\n","protected":false},"author":9,"featured_media":0,"comment_status":"closed","ping_status":"closed","sticky":false,"template":"","format":"standard","meta":{"footnotes":""},"categories":[52,232],"tags":[],"featured_image_thumbnail_url":null,"_links":{"self":[{"href":"https:\/\/fg.ull.es\/noticias\/wp-json\/wp\/v2\/posts\/39428"}],"collection":[{"href":"https:\/\/fg.ull.es\/noticias\/wp-json\/wp\/v2\/posts"}],"about":[{"href":"https:\/\/fg.ull.es\/noticias\/wp-json\/wp\/v2\/types\/post"}],"author":[{"embeddable":true,"href":"https:\/\/fg.ull.es\/noticias\/wp-json\/wp\/v2\/users\/9"}],"replies":[{"embeddable":true,"href":"https:\/\/fg.ull.es\/noticias\/wp-json\/wp\/v2\/comments?post=39428"}],"version-history":[{"count":5,"href":"https:\/\/fg.ull.es\/noticias\/wp-json\/wp\/v2\/posts\/39428\/revisions"}],"predecessor-version":[{"id":39438,"href":"https:\/\/fg.ull.es\/noticias\/wp-json\/wp\/v2\/posts\/39428\/revisions\/39438"}],"wp:attachment":[{"href":"https:\/\/fg.ull.es\/noticias\/wp-json\/wp\/v2\/media?parent=39428"}],"wp:term":[{"taxonomy":"category","embeddable":true,"href":"https:\/\/fg.ull.es\/noticias\/wp-json\/wp\/v2\/categories?post=39428"},{"taxonomy":"post_tag","embeddable":true,"href":"https:\/\/fg.ull.es\/noticias\/wp-json\/wp\/v2\/tags?post=39428"}],"curies":[{"name":"wp","href":"https:\/\/api.w.org\/{rel}","templated":true}]}}