{"id":39339,"date":"2018-11-08T08:34:20","date_gmt":"2018-11-08T08:34:20","guid":{"rendered":"https:\/\/fg.ull.es\/noticias\/?p=39339"},"modified":"2018-11-08T08:35:56","modified_gmt":"2018-11-08T08:35:56","slug":"ampliacion-de-plazo-de-inscripcion-convocatoria-docente-de-espanol-para-extranjeros-en-el-servicio-de-idiomas-ull-2018bde031","status":"publish","type":"post","link":"https:\/\/fg.ull.es\/noticias\/2018\/11\/08\/ampliacion-de-plazo-de-inscripcion-convocatoria-docente-de-espanol-para-extranjeros-en-el-servicio-de-idiomas-ull-2018bde031\/","title":{"rendered":"Ampliaci\u00f3n de plazo de inscripci\u00f3n convocatoria docente de espa\u00f1ol para extranjeros en el Servicio de Idiomas ULL (2018BDE031)"},"content":{"rendered":"<p>Debido a un error que ha inhabilitado el proceso de inscripci\u00f3n durante el d\u00eda 7 de noviembre de la convocatoria de selecci\u00f3n de personal para conformar una bolsa de empleo para impartir docencia de espa\u00f1ol para extranjeros en el Servicio de Idiomas ULL (2018BDE031), el plazo de inscripci\u00f3n se ampl\u00eda hasta <strong>ma\u00f1ana 9 de noviembre de 2018 a las 23.59 horas.<\/strong><\/p>\n<p><a href=\"https:\/\/sede.fg.ull.es\/es\/empleo\/inscripcion\/32959\" target=\"_blank\" rel=\"noopener\">Inscripci\u00f3n y m\u00e1s info aqu\u00ed<\/a><\/p>\n<p><a href=\"https:\/\/fg.ull.es\/noticias\/2018\/10\/29\/convocatoria-de-seleccion-de-personal-para-conformar-una-bolsa-de-empleo-para-impartir-docencia-de-espanol-para-extranjeros-en-el-servicio-de-idiomas-ull-2018bde031\/\" target=\"_blank\" rel=\"noopener\">Convocatoria<\/a><\/p>\n","protected":false},"excerpt":{"rendered":"<p>Debido a un error que ha inhabilitado el proceso de inscripci\u00f3n durante el d\u00eda 7 de noviembre de la convocatoria de selecci\u00f3n de personal para conformar una bolsa de empleo para impartir docencia de espa\u00f1ol para extranjeros en el Servicio de Idiomas ULL (2018BDE031), el plazo de inscripci\u00f3n se ampl\u00eda hasta ma\u00f1ana 9 de noviembre&#8230;<\/p>\n","protected":false},"author":6,"featured_media":0,"comment_status":"closed","ping_status":"closed","sticky":false,"template":"","format":"standard","meta":{"footnotes":""},"categories":[232],"tags":[],"featured_image_thumbnail_url":null,"_links":{"self":[{"href":"https:\/\/fg.ull.es\/noticias\/wp-json\/wp\/v2\/posts\/39339"}],"collection":[{"href":"https:\/\/fg.ull.es\/noticias\/wp-json\/wp\/v2\/posts"}],"about":[{"href":"https:\/\/fg.ull.es\/noticias\/wp-json\/wp\/v2\/types\/post"}],"author":[{"embeddable":true,"href":"https:\/\/fg.ull.es\/noticias\/wp-json\/wp\/v2\/users\/6"}],"replies":[{"embeddable":true,"href":"https:\/\/fg.ull.es\/noticias\/wp-json\/wp\/v2\/comments?post=39339"}],"version-history":[{"count":3,"href":"https:\/\/fg.ull.es\/noticias\/wp-json\/wp\/v2\/posts\/39339\/revisions"}],"predecessor-version":[{"id":39342,"href":"https:\/\/fg.ull.es\/noticias\/wp-json\/wp\/v2\/posts\/39339\/revisions\/39342"}],"wp:attachment":[{"href":"https:\/\/fg.ull.es\/noticias\/wp-json\/wp\/v2\/media?parent=39339"}],"wp:term":[{"taxonomy":"category","embeddable":true,"href":"https:\/\/fg.ull.es\/noticias\/wp-json\/wp\/v2\/categories?post=39339"},{"taxonomy":"post_tag","embeddable":true,"href":"https:\/\/fg.ull.es\/noticias\/wp-json\/wp\/v2\/tags?post=39339"}],"curies":[{"name":"wp","href":"https:\/\/api.w.org\/{rel}","templated":true}]}}