{"id":39299,"date":"2018-11-07T12:18:33","date_gmt":"2018-11-07T12:18:33","guid":{"rendered":"https:\/\/fg.ull.es\/noticias\/?p=39299"},"modified":"2018-12-21T13:03:09","modified_gmt":"2018-12-21T13:03:09","slug":"segundo-listado-provisional-de-la-convocatoria-de-seleccion-de-personal-para-conformar-una-bolsa-de-empleo-para-la-realizacion-de-trabajos-relacionadas-con-la-gestion-administrativa-y-documental-de-pr","status":"publish","type":"post","link":"https:\/\/fg.ull.es\/noticias\/2018\/11\/07\/segundo-listado-provisional-de-la-convocatoria-de-seleccion-de-personal-para-conformar-una-bolsa-de-empleo-para-la-realizacion-de-trabajos-relacionadas-con-la-gestion-administrativa-y-documental-de-pr\/","title":{"rendered":"Segundo listado provisional de la convocatoria de selecci\u00f3n de personal para conformar una bolsa de empleo para la realizaci\u00f3n de trabajos relacionadas con la gesti\u00f3n administrativa y documental de proyectos, as\u00ed como su promoci\u00f3n, seguimiento y justificaci\u00f3n para la Fundaci\u00f3n General de la Universidad de La Laguna (2018BDE027)"},"content":{"rendered":"<h4>A continuaci\u00f3n, se presenta el segundo listado provisional de aceptados\/as y excluidos\/as de la convocatoria de selecci\u00f3n de personal para conformar una bolsa de empleo para la realizaci\u00f3n de trabajos relacionadas con la gesti\u00f3n administrativa y documental de proyectos, as\u00ed como su promoci\u00f3n, seguimiento y justificaci\u00f3n para la Fundaci\u00f3n General de la Universidad de La Laguna (2018BDE027).<\/h4>\n<p>A partir de este momento, comienza el periodo de alegaciones que, en ning\u00fan caso, ser\u00e1 periodo de subsanaci\u00f3n de documentaci\u00f3n. Finalizado \u00e9ste, a las 23:59 horas del 12 de noviembre de 2018, y resueltas \u00e9stas, se proceder\u00e1 a publicar el segundo y \u00faltimo listado definitivo.<\/p>\n<p>Las alegaciones \u00fanica y exclusivamente se podr\u00e1n presentar telem\u00e1ticamente al correo electr\u00f3nico seleccion@fg.ull.es y utilizando el siguiente documento normalizado: documento de alegaciones\u00a0(<a href=\"https:\/\/drive.google.com\/file\/d\/1AjQ2_QoJh8y4Wk4pXTFHDmMWWJDjdPWj\/view\" target=\"_blank\" rel=\"noopener\">WORD<\/a>,\u00a0<a href=\"https:\/\/drive.google.com\/file\/d\/1DuuuV1M41CdeChfBIGuGTkTBnbaMQ-a0\/view\" target=\"_blank\" rel=\"noopener\">PDF<\/a>,\u00a0<a href=\"https:\/\/drive.google.com\/file\/d\/1ojwPeI6mI3VqEui-FawdtsWLyRuXbPJp\/view\" target=\"_blank\" rel=\"noopener\">ODT<\/a>).<\/p>\n<p>Para la valoraci\u00f3n de todas y cada una de las candidaturas, y de los futuros procesos, se ha tomado\/tomar\u00e1 como fundamento lo especificado en:<\/p>\n<ul>\n<li><a href=\"https:\/\/drive.google.com\/file\/d\/1Bly9FfUecctF7PLnPEU3GxuqG8R0KgqL\/view\"><strong>Bases generales<\/strong><\/a><\/li>\n<li><a href=\"https:\/\/drive.google.com\/file\/d\/1JdQTxRpPLvw_92LVXrGKhVymhwo9OTXY\/view\"><strong>Perfil singular<\/strong><\/a><\/li>\n<\/ul>\n<p>Puede ver el Segundo Listado Provisional\u00a0<a href=\"https:\/\/drive.google.com\/file\/d\/1FL1bcivku8ysQoO9_xqSV8wZw9RlnRsy\/view?usp=sharing\">aqu\u00ed<\/a><\/p>\n<div class=\"addtoany_share_save_container addtoany_content addtoany_content_bottom\">\n<div class=\"addtoany_header\">\u00bfDifundes?<\/div>\n<\/div>\n","protected":false},"excerpt":{"rendered":"<p>A continuaci\u00f3n, se presenta el segundo listado provisional de aceptados\/as y excluidos\/as de la convocatoria de selecci\u00f3n de personal para conformar una bolsa de empleo para la realizaci\u00f3n de trabajos relacionadas con la gesti\u00f3n administrativa y documental de proyectos, as\u00ed como su promoci\u00f3n, seguimiento y justificaci\u00f3n para la Fundaci\u00f3n General de la Universidad de La&#8230;<\/p>\n","protected":false},"author":9,"featured_media":0,"comment_status":"closed","ping_status":"closed","sticky":false,"template":"","format":"standard","meta":{"footnotes":""},"categories":[52,232],"tags":[],"featured_image_thumbnail_url":null,"_links":{"self":[{"href":"https:\/\/fg.ull.es\/noticias\/wp-json\/wp\/v2\/posts\/39299"}],"collection":[{"href":"https:\/\/fg.ull.es\/noticias\/wp-json\/wp\/v2\/posts"}],"about":[{"href":"https:\/\/fg.ull.es\/noticias\/wp-json\/wp\/v2\/types\/post"}],"author":[{"embeddable":true,"href":"https:\/\/fg.ull.es\/noticias\/wp-json\/wp\/v2\/users\/9"}],"replies":[{"embeddable":true,"href":"https:\/\/fg.ull.es\/noticias\/wp-json\/wp\/v2\/comments?post=39299"}],"version-history":[{"count":5,"href":"https:\/\/fg.ull.es\/noticias\/wp-json\/wp\/v2\/posts\/39299\/revisions"}],"predecessor-version":[{"id":39328,"href":"https:\/\/fg.ull.es\/noticias\/wp-json\/wp\/v2\/posts\/39299\/revisions\/39328"}],"wp:attachment":[{"href":"https:\/\/fg.ull.es\/noticias\/wp-json\/wp\/v2\/media?parent=39299"}],"wp:term":[{"taxonomy":"category","embeddable":true,"href":"https:\/\/fg.ull.es\/noticias\/wp-json\/wp\/v2\/categories?post=39299"},{"taxonomy":"post_tag","embeddable":true,"href":"https:\/\/fg.ull.es\/noticias\/wp-json\/wp\/v2\/tags?post=39299"}],"curies":[{"name":"wp","href":"https:\/\/api.w.org\/{rel}","templated":true}]}}