{"id":39055,"date":"2018-10-26T14:34:54","date_gmt":"2018-10-26T13:34:54","guid":{"rendered":"https:\/\/fg.ull.es\/noticias\/?p=39055"},"modified":"2018-10-26T14:34:54","modified_gmt":"2018-10-26T13:34:54","slug":"primer-listado-definitivo-de-la-convocatoria-de-seleccion-de-personal-para-conformar-una-bolsa-de-empleo-para-la-realizacion-de-trabajos-relacionadas-con-la-gestion-administrativa-y-documental-de-proy","status":"publish","type":"post","link":"https:\/\/fg.ull.es\/noticias\/2018\/10\/26\/primer-listado-definitivo-de-la-convocatoria-de-seleccion-de-personal-para-conformar-una-bolsa-de-empleo-para-la-realizacion-de-trabajos-relacionadas-con-la-gestion-administrativa-y-documental-de-proy\/","title":{"rendered":"Primer listado definitivo de la convocatoria de selecci\u00f3n de personal para conformar una bolsa de empleo para la realizaci\u00f3n de trabajos relacionadas con la gesti\u00f3n administrativa y documental de proyectos, as\u00ed como su promoci\u00f3n, seguimiento y justificaci\u00f3n para la Fundaci\u00f3n General de la Universidad de La Laguna (2018BDE027)"},"content":{"rendered":"<h4>A continuaci\u00f3n, se presenta el primer listado definitivo de aceptados\/as y excluidos\/as de la convocatoria de selecci\u00f3n de personal para conformar una bolsa de empleo para la realizaci\u00f3n de trabajos relacionadas con la gesti\u00f3n administrativa y documental de proyectos, as\u00ed como su promoci\u00f3n, seguimiento y justificaci\u00f3n para la Fundaci\u00f3n General de la Universidad de La Laguna (2018BDE027).<\/h4>\n<p>Finalizado el periodo de alegaciones se procede a publicar el listado con las personas que han sido seleccionadas para participar en la segunda fase del proceso.<\/p>\n<p>La prueba objetiva conforme al perfil singular (M3. \u2013 Categor\u00eda Prueba Pr\u00e1ctica) se realizar\u00e1 el d\u00eda 30 de octubre a las 10:00 AM,\u00a0 aula 8 de la Fundaci\u00f3n General de La Universidad de La Laguna.<\/p>\n<p>Para la valoraci\u00f3n de todas y cada una de las candidaturas, y de los futuros procesos, se ha tomado\/tomar\u00e1 como fundamento lo especificado en:<\/p>\n<ul>\n<li><a href=\"https:\/\/drive.google.com\/file\/d\/1Bly9FfUecctF7PLnPEU3GxuqG8R0KgqL\/view\"><strong>Bases generales<\/strong><\/a><\/li>\n<li><a href=\"https:\/\/drive.google.com\/file\/d\/1JdQTxRpPLvw_92LVXrGKhVymhwo9OTXY\/view\"><strong>Perfil singular<\/strong><\/a><\/li>\n<\/ul>\n<p>Puede ver el listado 1er Listado Definitivo\u00a0<a href=\"https:\/\/drive.google.com\/file\/d\/1vFeNeHGRqgizvtzm6wmTvBarDW9zQgMt\/view?usp=sharing\">aqu\u00ed<\/a><\/p>\n","protected":false},"excerpt":{"rendered":"<p>A continuaci\u00f3n, se presenta el primer listado definitivo de aceptados\/as y excluidos\/as de la convocatoria de selecci\u00f3n de personal para conformar una bolsa de empleo para la realizaci\u00f3n de trabajos relacionadas con la gesti\u00f3n administrativa y documental de proyectos, as\u00ed como su promoci\u00f3n, seguimiento y justificaci\u00f3n para la Fundaci\u00f3n General de la Universidad de La&#8230;<\/p>\n","protected":false},"author":9,"featured_media":0,"comment_status":"closed","ping_status":"closed","sticky":false,"template":"","format":"standard","meta":{"footnotes":""},"categories":[52,232],"tags":[],"featured_image_thumbnail_url":null,"_links":{"self":[{"href":"https:\/\/fg.ull.es\/noticias\/wp-json\/wp\/v2\/posts\/39055"}],"collection":[{"href":"https:\/\/fg.ull.es\/noticias\/wp-json\/wp\/v2\/posts"}],"about":[{"href":"https:\/\/fg.ull.es\/noticias\/wp-json\/wp\/v2\/types\/post"}],"author":[{"embeddable":true,"href":"https:\/\/fg.ull.es\/noticias\/wp-json\/wp\/v2\/users\/9"}],"replies":[{"embeddable":true,"href":"https:\/\/fg.ull.es\/noticias\/wp-json\/wp\/v2\/comments?post=39055"}],"version-history":[{"count":2,"href":"https:\/\/fg.ull.es\/noticias\/wp-json\/wp\/v2\/posts\/39055\/revisions"}],"predecessor-version":[{"id":39057,"href":"https:\/\/fg.ull.es\/noticias\/wp-json\/wp\/v2\/posts\/39055\/revisions\/39057"}],"wp:attachment":[{"href":"https:\/\/fg.ull.es\/noticias\/wp-json\/wp\/v2\/media?parent=39055"}],"wp:term":[{"taxonomy":"category","embeddable":true,"href":"https:\/\/fg.ull.es\/noticias\/wp-json\/wp\/v2\/categories?post=39055"},{"taxonomy":"post_tag","embeddable":true,"href":"https:\/\/fg.ull.es\/noticias\/wp-json\/wp\/v2\/tags?post=39055"}],"curies":[{"name":"wp","href":"https:\/\/api.w.org\/{rel}","templated":true}]}}