{"id":38943,"date":"2018-10-23T11:06:54","date_gmt":"2018-10-23T10:06:54","guid":{"rendered":"https:\/\/fg.ull.es\/noticias\/?p=38943"},"modified":"2018-12-21T13:10:48","modified_gmt":"2018-12-21T13:10:48","slug":"proyecto-expres-y-como-sacar-el-maximo-provecho-a-una-idea-de-negocio-en-menos-de-15-dias","status":"publish","type":"post","link":"https:\/\/fg.ull.es\/noticias\/2018\/10\/23\/proyecto-expres-y-como-sacar-el-maximo-provecho-a-una-idea-de-negocio-en-menos-de-15-dias\/","title":{"rendered":"\u2018Proyecto Expr\u00e9s\u2019 y c\u00f3mo sacar el m\u00e1ximo provecho a una idea de negocio en menos de 15 d\u00edas"},"content":{"rendered":"<section class=\"wpb-content-wrapper\"><p>[vc_row][vc_column][vc_column_text]<\/p>\n<h3>Este curso, que se desarrollar\u00e1 entre los d\u00edas 26 y 30 del pr\u00f3ximo mes de noviembre, proporcionar\u00e1 las herramientas esenciales para la transformaci\u00f3n de una idea en negocio.<\/h3>\n<p>\u2018<strong><a href=\"https:\/\/sede.fg.ull.es\/de\/emprendimiento\/detalle\/a18230190\/proyecto-expres\">Proyecto Expr\u00e9s<\/a><\/strong>\u2019 es un curso gratuito enfocado, sobre todo, a las <strong>personas con esp\u00edritu emprendedor<\/strong>. Se trata de una formaci\u00f3n presencial de 100 horas, encaminada a profundizar y sacar el m\u00e1ximo provecho, en menos de 15 d\u00edas, a una idea de negocio. Las clases se impartir\u00e1n entre el 26 y 30 de noviembre, de lunes a viernes, en horario de ma\u00f1ana (de 9 a 14 horas).<\/p>\n<p>La idea de esta propuesta formativa es que el alumnado reciba el <strong>asesoramiento de profesionales y expertos en el proceso emprendedor<\/strong>. Y, en base a ello, las personas inscritas en el curso aprender\u00e1n nuevos aspectos que potenciar\u00e1n su idea de negocio, como el <strong>descubrimiento de clientes, t\u00e9cnicas de publicidad, efectividad en las ventas o planes de viabilidad econ\u00f3mica<\/strong>.<\/p>\n<p>A pesar de su formato presencial, el curso ser\u00e1 principalmente <strong>pr\u00e1ctico<\/strong>, por lo que se valorar\u00e1, en mayor medida, la <strong>asistencia a las clases<\/strong>, las cuales se impartir\u00e1n en el aulario de la Fundaci\u00f3n General de la Universidad de La Laguna, as\u00ed como la <strong>realizaci\u00f3n de actividades pr\u00e1cticas<\/strong>. Asimismo, el programa estar\u00e1 compuesto por 4 unidades did\u00e1cticas.<\/p>\n<h3><strong>Idea de negocio<\/strong><\/h3>\n<p>En la primera, el alumnado trabajar\u00e1 en la <strong>idea de negocio desde el principio<\/strong> del proceso emprendedor, es decir, en el dise\u00f1o, posibles problemas y soluciones y, tambi\u00e9n, en el desarrollo del producto o servicio que se ofrecer\u00e1 en un mercado cada vez m\u00e1s competitivo.<\/p>\n<h3><strong>Clientes<\/strong><\/h3>\n<p>El eje central del siguiente tema ser\u00e1 <strong>el cliente<\/strong>. Es fundamental que las personas con inquietudes emprendedoras sean conscientes de que existen diversos tipos de cliente y que, para identificarlos, se debe testear el mercado en profundidad. Eso es precisamente lo que aprender\u00e1n a hacer en esta unidad did\u00e1ctica.<\/p>\n<h3><strong>Marketing<\/strong><\/h3>\n<p>El alumnado del curso deber\u00e1 considerar todas y cada una de las caracter\u00edsticas de los clientes y clientes potenciales de nuestro negocio, pues \u00e9stos ser\u00e1n claves en el tercer tema que se impartir\u00e1 en \u2018Proyecto Expr\u00e9s\u2019, en el que se tratar\u00e1n cuestiones vinculadas al<strong> marketing<\/strong>: estrategias y costes, objetivos a conseguir y plan de acci\u00f3n.<\/p>\n<h3><strong>Plan Financiero<\/strong><\/h3>\n<p>Por \u00faltimo, la docencia concluir\u00e1 con la parte econ\u00f3mica (<strong>plan financiero<\/strong>), aplicable a las ideas de negocio que se trabajar\u00e1n en clase. En este tema, se profundizar\u00e1 en los costes asociados a la actividad empresarial; la inversi\u00f3n que se debe llevar a cabo; y, los ingresos necesarios.<\/p>\n<p>Para el curso \u2018Proyecto Expr\u00e9s\u2019 hay <strong>24 plazas disponibles a d\u00eda de hoy<\/strong>. Las personas interesadas en inscribirse, podr\u00e1n hacerlo gratuitamente en este <strong><a href=\"https:\/\/docs.google.com\/forms\/d\/e\/1FAIpQLSfHyPkzy-GUvucY85R3Qwwib8AeQnzKmpq6OZXU7fx28vmNHg\/viewform\">enlace<\/a><\/strong>. Para participar, <strong>no es necesaria ninguna experiencia previa en emprendimiento<\/strong>, por lo que es una formaci\u00f3n interesante para las personas que tienen un especial inter\u00e9s en <strong>entornos tecnol\u00f3gicos y proyectos digitales<\/strong>.<\/p>\n<p>Estas acciones son bonificadas para las personas participantes, gracias a la colaboraci\u00f3n del Servicio Canario de Empleo y la cofinanciaci\u00f3n del Fondo Social Europeo.[\/vc_column_text][\/vc_column][\/vc_row][vc_row][vc_column][vc_btn title=&#8221;AGENDA FORMATIVA&#8221; style=&#8221;classic&#8221; shape=&#8221;square&#8221; color=&#8221;danger&#8221; link=&#8221;url:https%3A%2F%2Ffg.ull.es%2Fempleo%2Fagenda-formativa-de-emprendimiento%2F||target:%20_blank|&#8221;][vc_btn title=&#8221;SERVICIOS EMPRENDE.ULL&#8221; style=&#8221;classic&#8221; shape=&#8221;square&#8221; color=&#8221;danger&#8221; link=&#8221;url:https%3A%2F%2Ffg.ull.es%2Fempleo%2Femprende-ull%2F||target:%20_blank|&#8221;][vc_btn title=&#8221;INSCR\u00cdBETE YA&#8221; style=&#8221;classic&#8221; shape=&#8221;square&#8221; color=&#8221;danger&#8221; link=&#8221;url:https%3A%2F%2Fdocs.google.com%2Fforms%2Fd%2Fe%2F1FAIpQLSfHyPkzy-GUvucY85R3Qwwib8AeQnzKmpq6OZXU7fx28vmNHg%2Fviewform||target:%20_blank|&#8221;][\/vc_column][\/vc_row]<\/p>\n<\/section>","protected":false},"excerpt":{"rendered":"<p>[vc_row][vc_column][vc_column_text] Este curso, que se desarrollar\u00e1 entre los d\u00edas 26 y 30 del pr\u00f3ximo mes de noviembre, proporcionar\u00e1 las herramientas esenciales para la transformaci\u00f3n de una idea en negocio. \u2018Proyecto Expr\u00e9s\u2019 es un curso gratuito enfocado, sobre todo, a las personas con esp\u00edritu emprendedor. Se trata de una formaci\u00f3n presencial de 100 horas, encaminada a&#8230;<\/p>\n","protected":false},"author":24,"featured_media":38944,"comment_status":"closed","ping_status":"closed","sticky":false,"template":"","format":"standard","meta":{"footnotes":""},"categories":[344,374,278,354,7],"tags":[46,47,524,324],"featured_image_thumbnail_url":"https:\/\/fg.ull.es\/noticias\/wp-content\/uploads\/sites\/2\/2018\/10\/Pantalla_1280x720px-300x169.jpg","_links":{"self":[{"href":"https:\/\/fg.ull.es\/noticias\/wp-json\/wp\/v2\/posts\/38943"}],"collection":[{"href":"https:\/\/fg.ull.es\/noticias\/wp-json\/wp\/v2\/posts"}],"about":[{"href":"https:\/\/fg.ull.es\/noticias\/wp-json\/wp\/v2\/types\/post"}],"author":[{"embeddable":true,"href":"https:\/\/fg.ull.es\/noticias\/wp-json\/wp\/v2\/users\/24"}],"replies":[{"embeddable":true,"href":"https:\/\/fg.ull.es\/noticias\/wp-json\/wp\/v2\/comments?post=38943"}],"version-history":[{"count":5,"href":"https:\/\/fg.ull.es\/noticias\/wp-json\/wp\/v2\/posts\/38943\/revisions"}],"predecessor-version":[{"id":38949,"href":"https:\/\/fg.ull.es\/noticias\/wp-json\/wp\/v2\/posts\/38943\/revisions\/38949"}],"wp:featuredmedia":[{"embeddable":true,"href":"https:\/\/fg.ull.es\/noticias\/wp-json\/wp\/v2\/media\/38944"}],"wp:attachment":[{"href":"https:\/\/fg.ull.es\/noticias\/wp-json\/wp\/v2\/media?parent=38943"}],"wp:term":[{"taxonomy":"category","embeddable":true,"href":"https:\/\/fg.ull.es\/noticias\/wp-json\/wp\/v2\/categories?post=38943"},{"taxonomy":"post_tag","embeddable":true,"href":"https:\/\/fg.ull.es\/noticias\/wp-json\/wp\/v2\/tags?post=38943"}],"curies":[{"name":"wp","href":"https:\/\/api.w.org\/{rel}","templated":true}]}}