{"id":38883,"date":"2018-10-22T11:09:36","date_gmt":"2018-10-22T10:09:36","guid":{"rendered":"https:\/\/fg.ull.es\/noticias\/?p=38883"},"modified":"2018-10-22T11:33:23","modified_gmt":"2018-10-22T10:33:23","slug":"primer-listado-provisional-de-la-convocatoria-de-seleccion-de-personal-para-conformar-una-bolsa-de-empleo-para-la-realizacion-de-trabajos-relacionadas-con-la-gestion-administrativa-y-documental-de-pro","status":"publish","type":"post","link":"https:\/\/fg.ull.es\/noticias\/2018\/10\/22\/primer-listado-provisional-de-la-convocatoria-de-seleccion-de-personal-para-conformar-una-bolsa-de-empleo-para-la-realizacion-de-trabajos-relacionadas-con-la-gestion-administrativa-y-documental-de-pro\/","title":{"rendered":"Primer listado provisional de la convocatoria de selecci\u00f3n de personal para conformar una bolsa de empleo para la realizaci\u00f3n de trabajos relacionadas con la gesti\u00f3n administrativa y documental de proyectos, as\u00ed como su promoci\u00f3n, seguimiento y justificaci\u00f3n para la Fundaci\u00f3n General de la Universidad de La Laguna (2018BDE027)"},"content":{"rendered":"<h4>A continuaci\u00f3n, se presenta el primer listado provisional de aceptados\/as y excluidos\/as de la convocatoria convocatoria de selecci\u00f3n de personal para conformar una bolsa de empleo para la realizaci\u00f3n de trabajos relacionadas con la gesti\u00f3n administrativa y documental de proyectos, as\u00ed como su promoci\u00f3n, seguimiento y justificaci\u00f3n para la Fundaci\u00f3n General de la Universidad de La Laguna (2018BDE027).<\/h4>\n<p>A partir de este momento, comienza el periodo de alegaciones que, en ning\u00fan caso, ser\u00e1 periodo de subsanaci\u00f3n de documentaci\u00f3n. Finalizado \u00e9ste, a las 17:00 horas del 25 de octubre de 2018, y resueltas \u00e9stas, se proceder\u00e1 a publicar el primer listado definitivo.<\/p>\n<p>Las alegaciones \u00fanica y exclusivamente se podr\u00e1n presentar telem\u00e1ticamente al correo electr\u00f3nico seleccion@fg.ull.es y utilizando el siguiente documento normalizado: documento de alegaciones\u00a0(<a href=\"https:\/\/drive.google.com\/file\/d\/1AjQ2_QoJh8y4Wk4pXTFHDmMWWJDjdPWj\/view\" target=\"_blank\" rel=\"noopener\">WORD<\/a>,\u00a0<a href=\"https:\/\/drive.google.com\/file\/d\/1DuuuV1M41CdeChfBIGuGTkTBnbaMQ-a0\/view\" target=\"_blank\" rel=\"noopener\">PDF<\/a>,\u00a0<a href=\"https:\/\/drive.google.com\/file\/d\/1ojwPeI6mI3VqEui-FawdtsWLyRuXbPJp\/view\" target=\"_blank\" rel=\"noopener\">ODT<\/a>).<\/p>\n<p>Para la valoraci\u00f3n de todas y cada una de las candidaturas, y de los futuros procesos, se ha tomado\/tomar\u00e1 como fundamento lo especificado en:<\/p>\n<ul>\n<li><a href=\"https:\/\/drive.google.com\/file\/d\/1Bly9FfUecctF7PLnPEU3GxuqG8R0KgqL\/view\"><strong>Bases generales<\/strong><\/a><\/li>\n<li><a href=\"https:\/\/drive.google.com\/file\/d\/1JdQTxRpPLvw_92LVXrGKhVymhwo9OTXY\/view\"><strong>Perfil singular<\/strong><\/a><\/li>\n<\/ul>\n<p>Puede ver el listado 1er Listado Provisional <a href=\"https:\/\/drive.google.com\/file\/d\/1Xj9rPT0mFoB5yHkGtyeaIlK0WN3nBk5D\/view?usp=sharing\">aqu\u00ed<\/a><\/p>\n","protected":false},"excerpt":{"rendered":"<p>A continuaci\u00f3n, se presenta el primer listado provisional de aceptados\/as y excluidos\/as de la convocatoria convocatoria de selecci\u00f3n de personal para conformar una bolsa de empleo para la realizaci\u00f3n de trabajos relacionadas con la gesti\u00f3n administrativa y documental de proyectos, as\u00ed como su promoci\u00f3n, seguimiento y justificaci\u00f3n para la Fundaci\u00f3n General de la Universidad de&#8230;<\/p>\n","protected":false},"author":9,"featured_media":0,"comment_status":"closed","ping_status":"closed","sticky":false,"template":"","format":"standard","meta":{"footnotes":""},"categories":[52,232],"tags":[],"featured_image_thumbnail_url":null,"_links":{"self":[{"href":"https:\/\/fg.ull.es\/noticias\/wp-json\/wp\/v2\/posts\/38883"}],"collection":[{"href":"https:\/\/fg.ull.es\/noticias\/wp-json\/wp\/v2\/posts"}],"about":[{"href":"https:\/\/fg.ull.es\/noticias\/wp-json\/wp\/v2\/types\/post"}],"author":[{"embeddable":true,"href":"https:\/\/fg.ull.es\/noticias\/wp-json\/wp\/v2\/users\/9"}],"replies":[{"embeddable":true,"href":"https:\/\/fg.ull.es\/noticias\/wp-json\/wp\/v2\/comments?post=38883"}],"version-history":[{"count":5,"href":"https:\/\/fg.ull.es\/noticias\/wp-json\/wp\/v2\/posts\/38883\/revisions"}],"predecessor-version":[{"id":38887,"href":"https:\/\/fg.ull.es\/noticias\/wp-json\/wp\/v2\/posts\/38883\/revisions\/38887"}],"wp:attachment":[{"href":"https:\/\/fg.ull.es\/noticias\/wp-json\/wp\/v2\/media?parent=38883"}],"wp:term":[{"taxonomy":"category","embeddable":true,"href":"https:\/\/fg.ull.es\/noticias\/wp-json\/wp\/v2\/categories?post=38883"},{"taxonomy":"post_tag","embeddable":true,"href":"https:\/\/fg.ull.es\/noticias\/wp-json\/wp\/v2\/tags?post=38883"}],"curies":[{"name":"wp","href":"https:\/\/api.w.org\/{rel}","templated":true}]}}