{"id":38841,"date":"2018-10-19T17:10:10","date_gmt":"2018-10-19T16:10:10","guid":{"rendered":"https:\/\/fg.ull.es\/noticias\/?p=38841"},"modified":"2018-10-19T17:14:39","modified_gmt":"2018-10-19T16:14:39","slug":"primer-listado-definitivo-de-la-convocatoria-de-seleccion-de-personal-para-participar-en-el-desarrollo-de-actividades-en-el-marco-de-la-catedra-de-turismo-cajacanarias-ashotel-univ","status":"publish","type":"post","link":"https:\/\/fg.ull.es\/noticias\/2018\/10\/19\/primer-listado-definitivo-de-la-convocatoria-de-seleccion-de-personal-para-participar-en-el-desarrollo-de-actividades-en-el-marco-de-la-catedra-de-turismo-cajacanarias-ashotel-univ\/","title":{"rendered":"Primer listado definitivo de la convocatoria de selecci\u00f3n de personal para participar en el desarrollo de actividades en el marco de la C\u00e1tedra de Turismo Cajacanarias \u2013 Ashotel \u2013 Universidad de La Laguna (2018BDE026)"},"content":{"rendered":"<section class=\"wpb-content-wrapper\"><p>[vc_row][vc_column][vc_column_text]Se presenta el primer listado definitivo de aceptados\/as y excluidos\/as de la convocatoria de selecci\u00f3n de personal para participar en el contrato entre Turismo de Tenerife, la Universidad de La Laguna y la Fundaci\u00f3n General de la Universidad de La Laguna para el desarrollo de actividades en el marco de la C\u00e1tedra de Turismo Cajacanarias \u2013 Ashotel \u2013 Universidad de La Laguna (2018BDE026)[\/vc_column_text][vc_empty_space][\/vc_column][\/vc_row][vc_row][vc_column width=&#8221;1\/2&#8243;][vc_column_text]Descargar primer listado definitivo:[\/vc_column_text][\/vc_column][vc_column width=&#8221;1\/2&#8243;][vc_btn title=&#8221;Descargar aqu\u00ed &#8221; style=&#8221;custom&#8221; custom_background=&#8221;#d800a2&#8243; custom_text=&#8221;#ffffff&#8221; shape=&#8221;square&#8221; size=&#8221;lg&#8221; align=&#8221;center&#8221; i_align=&#8221;right&#8221; i_icon_fontawesome=&#8221;fa fa-plus-circle&#8221; button_block=&#8221;true&#8221; add_icon=&#8221;true&#8221; link=&#8221;url:https%3A%2F%2Fdrive.google.com%2Fopen%3Fid%3D1g_AZtaCr8KX9yMOPfTIdk1Qf4usNioAg||target:%20_blank|&#8221;][\/vc_column][\/vc_row][vc_row][vc_column][vc_separator][\/vc_column][\/vc_row][vc_row][vc_column][vc_column_text]Para la valoraci\u00f3n de todas y cada una de las candidaturas se ha tomado\/tomar\u00e1 como fundamento lo especificado en:[\/vc_column_text][\/vc_column][\/vc_row][vc_row][vc_column width=&#8221;1\/2&#8243;][vc_column_text]<\/p>\n<p>Bases generales<\/p>\n<p>[\/vc_column_text][\/vc_column][vc_column width=&#8221;1\/2&#8243;][vc_btn title=&#8221;Descargar Bases Generales&#8221; style=&#8221;custom&#8221; custom_background=&#8221;#c2185b&#8221; custom_text=&#8221;#ffffff&#8221; shape=&#8221;square&#8221; align=&#8221;center&#8221; i_align=&#8221;right&#8221; i_icon_fontawesome=&#8221;fa fa-arrow-circle-o-down&#8221; button_block=&#8221;true&#8221; add_icon=&#8221;true&#8221; link=&#8221;url:https%3A%2F%2Fdrive.google.com%2Fopen%3Fid%3D1Bly9FfUecctF7PLnPEU3GxuqG8R0KgqL||target:%20_blank|&#8221;][\/vc_column][\/vc_row][vc_row][vc_column width=&#8221;1\/2&#8243;][vc_column_text]<\/p>\n<p>Perfil singular<\/p>\n<p>[\/vc_column_text][\/vc_column][vc_column width=&#8221;1\/2&#8243;][vc_btn title=&#8221;Descargar Perfil Singular&#8221; style=&#8221;custom&#8221; custom_background=&#8221;#c2185b&#8221; custom_text=&#8221;#ffffff&#8221; shape=&#8221;square&#8221; align=&#8221;center&#8221; i_align=&#8221;right&#8221; i_icon_fontawesome=&#8221;fa fa-file-pdf-o&#8221; button_block=&#8221;true&#8221; add_icon=&#8221;true&#8221; link=&#8221;url:https%3A%2F%2Fdrive.google.com%2Fopen%3Fid%3D1XS35Sh6KFoiLOB56_cdJRVbdO238ypnN|||&#8221;][\/vc_column][\/vc_row]<\/p>\n<\/section>","protected":false},"excerpt":{"rendered":"<p>[vc_row][vc_column][vc_column_text]Se presenta el primer listado definitivo de aceptados\/as y excluidos\/as de la convocatoria de selecci\u00f3n de personal para participar en el contrato entre Turismo de Tenerife, la Universidad de La Laguna y la Fundaci\u00f3n General de la Universidad de La Laguna para el desarrollo de actividades en el marco de la C\u00e1tedra de Turismo Cajacanarias&#8230;<\/p>\n","protected":false},"author":25,"featured_media":0,"comment_status":"closed","ping_status":"closed","sticky":false,"template":"","format":"standard","meta":{"footnotes":""},"categories":[52,232],"tags":[98,44],"featured_image_thumbnail_url":null,"_links":{"self":[{"href":"https:\/\/fg.ull.es\/noticias\/wp-json\/wp\/v2\/posts\/38841"}],"collection":[{"href":"https:\/\/fg.ull.es\/noticias\/wp-json\/wp\/v2\/posts"}],"about":[{"href":"https:\/\/fg.ull.es\/noticias\/wp-json\/wp\/v2\/types\/post"}],"author":[{"embeddable":true,"href":"https:\/\/fg.ull.es\/noticias\/wp-json\/wp\/v2\/users\/25"}],"replies":[{"embeddable":true,"href":"https:\/\/fg.ull.es\/noticias\/wp-json\/wp\/v2\/comments?post=38841"}],"version-history":[{"count":12,"href":"https:\/\/fg.ull.es\/noticias\/wp-json\/wp\/v2\/posts\/38841\/revisions"}],"predecessor-version":[{"id":38853,"href":"https:\/\/fg.ull.es\/noticias\/wp-json\/wp\/v2\/posts\/38841\/revisions\/38853"}],"wp:attachment":[{"href":"https:\/\/fg.ull.es\/noticias\/wp-json\/wp\/v2\/media?parent=38841"}],"wp:term":[{"taxonomy":"category","embeddable":true,"href":"https:\/\/fg.ull.es\/noticias\/wp-json\/wp\/v2\/categories?post=38841"},{"taxonomy":"post_tag","embeddable":true,"href":"https:\/\/fg.ull.es\/noticias\/wp-json\/wp\/v2\/tags?post=38841"}],"curies":[{"name":"wp","href":"https:\/\/api.w.org\/{rel}","templated":true}]}}