{"id":38825,"date":"2018-10-19T10:39:53","date_gmt":"2018-10-19T09:39:53","guid":{"rendered":"https:\/\/fg.ull.es\/noticias\/?p=38825"},"modified":"2018-10-22T12:05:47","modified_gmt":"2018-10-22T11:05:47","slug":"segundos-listados-definitivos-de-la-convocatoria-de-seleccion-de-personal-para-conformar-una-bolsa-de-empleo-para-el-desarrollo-de-actividades-de-promocion-y-gestion-de-proyectos-de-innovacion-social","status":"publish","type":"post","link":"https:\/\/fg.ull.es\/noticias\/2018\/10\/19\/segundos-listados-definitivos-de-la-convocatoria-de-seleccion-de-personal-para-conformar-una-bolsa-de-empleo-para-el-desarrollo-de-actividades-de-promocion-y-gestion-de-proyectos-de-innovacion-social\/","title":{"rendered":"Segundos listados definitivos de la convocatoria de selecci\u00f3n de personal para conformar una bolsa de empleo para el desarrollo de actividades de promoci\u00f3n y gesti\u00f3n de proyectos de innovaci\u00f3n social en la Fundaci\u00f3n General de la Universidad de la Laguna (2018BDE024)."},"content":{"rendered":"<h4>A continuaci\u00f3n, se presentan los segundos listados definitivos de aceptados\/as y excluidos\/as de la convocatoria de selecci\u00f3n de personal para conformar una bolsa de empleo para el desarrollo de actividades de promoci\u00f3n y gesti\u00f3n de proyectos de innovaci\u00f3n social en la Fundaci\u00f3n General de la Universidad de la Laguna (perfil de t\u00e9cnico\/a de proyectos de innovaci\u00f3n social)<\/h4>\n<p>Tras terminar el \u00faltimo per\u00edodo de alegaciones, finalizado ayer 18 de octubre de 2018 a las 23:59 horas, se procede a publicar los segundos listados definitivos.<\/p>\n<ul>\n<li><a href=\"https:\/\/drive.google.com\/open?id=1M8pKEihMk7Up15rbSw5Wo0kTKnEUHOrv\" target=\"_blank\" rel=\"noopener\">Segundo listado definitivos perfil de t\u00e9cnico\/a de proyectos de innovaci\u00f3n social (2018BDE024)<\/a><\/li>\n<\/ul>\n<p>Para la valoraci\u00f3n de todas y cada una de las candidaturas, y de los futuros procesos, se ha tomado\/tomar\u00e1 como fundamento lo especificado en:<\/p>\n<ul>\n<li><a href=\"https:\/\/drive.google.com\/open?id=1jLQAK1YKe_sRZ3rnHzej682KCN_FQCam\" target=\"_blank\" rel=\"noopener\">Bases Generales<\/a><\/li>\n<li><a href=\"https:\/\/drive.google.com\/open?id=1OOsr8hZ_-3WABCvGpXlaP4oQPB2gyL6c\" target=\"_blank\" rel=\"noopener\">Perfil Singular\u00a0<strong>2018BDE024\u00a0<\/strong>\u2013 T\u00e9cnico\/a Unidad de Innovaci\u00f3n Social<\/a><\/li>\n<\/ul>\n<p>&nbsp;<\/p>\n","protected":false},"excerpt":{"rendered":"<p>A continuaci\u00f3n, se presentan los segundos listados definitivos de aceptados\/as y excluidos\/as de la convocatoria de selecci\u00f3n de personal para conformar una bolsa de empleo para el desarrollo de actividades de promoci\u00f3n y gesti\u00f3n de proyectos de innovaci\u00f3n social en la Fundaci\u00f3n General de la Universidad de la Laguna (perfil de t\u00e9cnico\/a de proyectos de&#8230;<\/p>\n","protected":false},"author":5,"featured_media":0,"comment_status":"closed","ping_status":"closed","sticky":false,"template":"","format":"standard","meta":{"footnotes":""},"categories":[52,232],"tags":[],"featured_image_thumbnail_url":null,"_links":{"self":[{"href":"https:\/\/fg.ull.es\/noticias\/wp-json\/wp\/v2\/posts\/38825"}],"collection":[{"href":"https:\/\/fg.ull.es\/noticias\/wp-json\/wp\/v2\/posts"}],"about":[{"href":"https:\/\/fg.ull.es\/noticias\/wp-json\/wp\/v2\/types\/post"}],"author":[{"embeddable":true,"href":"https:\/\/fg.ull.es\/noticias\/wp-json\/wp\/v2\/users\/5"}],"replies":[{"embeddable":true,"href":"https:\/\/fg.ull.es\/noticias\/wp-json\/wp\/v2\/comments?post=38825"}],"version-history":[{"count":2,"href":"https:\/\/fg.ull.es\/noticias\/wp-json\/wp\/v2\/posts\/38825\/revisions"}],"predecessor-version":[{"id":38891,"href":"https:\/\/fg.ull.es\/noticias\/wp-json\/wp\/v2\/posts\/38825\/revisions\/38891"}],"wp:attachment":[{"href":"https:\/\/fg.ull.es\/noticias\/wp-json\/wp\/v2\/media?parent=38825"}],"wp:term":[{"taxonomy":"category","embeddable":true,"href":"https:\/\/fg.ull.es\/noticias\/wp-json\/wp\/v2\/categories?post=38825"},{"taxonomy":"post_tag","embeddable":true,"href":"https:\/\/fg.ull.es\/noticias\/wp-json\/wp\/v2\/tags?post=38825"}],"curies":[{"name":"wp","href":"https:\/\/api.w.org\/{rel}","templated":true}]}}