{"id":38805,"date":"2018-10-18T14:23:05","date_gmt":"2018-10-18T13:23:05","guid":{"rendered":"https:\/\/fg.ull.es\/noticias\/?p=38805"},"modified":"2018-10-23T09:10:55","modified_gmt":"2018-10-23T08:10:55","slug":"la-fundacion-de-la-ull-obtiene-un-nuevo-certificado-iso-9001-por-su-optima-gestion","status":"publish","type":"post","link":"https:\/\/fg.ull.es\/noticias\/2018\/10\/18\/la-fundacion-de-la-ull-obtiene-un-nuevo-certificado-iso-9001-por-su-optima-gestion\/","title":{"rendered":"La Fundaci\u00f3n de la ULL certifica su Sistema de Gesti\u00f3n de la Calidad conforme a los requisitos de la norma ISO 9001:2015"},"content":{"rendered":"<section class=\"wpb-content-wrapper\"><p>[vc_row][vc_column][vc_column_text]<\/p>\n<h3>Se trata de una norma internacional, elaborada por la Organizaci\u00f3n Internacional para la Estandarizaci\u00f3n, que verifica la calidad en la gesti\u00f3n de las organizaciones.<\/h3>\n<p>La Fundaci\u00f3n General de la Universidad de La Laguna ha renovado el Certificado del Sistema de Gesti\u00f3n de la Calidad, en este caso, por parte de la entidad externa\u00a0<strong><a href=\"https:\/\/www.aenor.com\/conocenos\/acreditaciones-y-reconocimientos\">AENOR<\/a><\/strong>, empresa de servicios profesionales que analiza el <strong>conocimiento, valores y competitividad de distintas entidades nacionales e internacionales<\/strong>.<\/p>\n<p>Esta certificaci\u00f3n, correspondiente a la norma internacional UNE-EN ISO 9001:2015, y v\u00e1lida hasta el 16 de enero del 2021, garantiza la conformidad con los requisitos de la norma de referencia, con los principios de Enfoque al cliente, Liderazgo, Compromiso con las personas, Enfoque a procesos, Mejora, Toma de decisiones basadas en proceso, Gesti\u00f3n de las relaci\u00f3n y con la estructura del ciclo PHVA (planificar-hacer- verificar\u2013 actuar), potenciando la excelencia en la gesti\u00f3n econ\u00f3mica y administrativa de la formaci\u00f3n: postgrados de <strong>titulaciones propias de la Universidad de La Laguna<\/strong>, cursos superiores de especializaci\u00f3n, formaci\u00f3n continua y profesional para el empleo, cursos y seminarios de perfeccionamiento y actualizaci\u00f3n y reciclaje (PAR). Asimismo, este reconocimiento supone un impulso considerable para el dise\u00f1o, desarrollo y gesti\u00f3n t\u00e9cnica-econ\u00f3mica de <strong>proyectos de promoci\u00f3n de actividades de I+D+I<\/strong>, una labor que ya se est\u00e1 ejecutando en la Fundaci\u00f3n. Tambi\u00e9n se han valorado positivamente las actividades de <strong>orientaci\u00f3n laboral<\/strong> y gesti\u00f3n de programas de movilidad para el empleo, as\u00ed como la gesti\u00f3n de programas de cooperaci\u00f3n educativa, <strong>becas formativas y bolsa de empleo<\/strong>.<\/p>\n<p><strong>Norma ISO 9001<\/strong><\/p>\n<p>Esta norma se corresponde con el modelo m\u00e1s utilizado en la relaci\u00f3n entre clientes y proveedores, no solo en Espa\u00f1a, sino tambi\u00e9n en el resto de pa\u00edses del mundo. Lo que se demuestra con esta certificaci\u00f3n es la <strong>capacidad que tiene una entidad a la hora de cumplir con las necesidades y demandas de sus clientes\u00a0y partes enteradas pertinentes<\/strong>.<\/p>\n<p>Este modelo de certificado ha sido modificado en diversas ocasiones, adapt\u00e1ndose a las necesidades generales de las distintas entidades. <strong>La \u00faltima revisi\u00f3n se produjo en el 2015<\/strong> y, en ella, se redujeron los requisitos administrativos, si bien, aumentaron los controles\u00a0sobre la gesti\u00f3n eficiente, el an\u00e1lisis del contexto en el que las empresas desarrollan sus actividades y la consideraci\u00f3n de los riesgos y oportunidades asociadas.<\/p>\n<p>A pesar del reconocimiento, la Fundaci\u00f3n General de la Universidad sigue trabajando en mejorar su gesti\u00f3n y la prestaci\u00f3n de sus servicios.<\/p>\n<p>Las personas que deseen presentar alguna recomendaci\u00f3n o sugerencia, podr\u00e1n hacerlo a trav\u00e9s del correo electr\u00f3nico <strong><a href=\"mailto:mejora@fg.ull.es\">mejora@fg.ull.es<\/a><\/strong>.<\/p>\n<p>[\/vc_column_text][\/vc_column][\/vc_row][vc_row][vc_column][vc_btn title=&#8221;CERTIFICADO ISO 9001&#8243; style=&#8221;classic&#8221; shape=&#8221;square&#8221; color=&#8221;danger&#8221; link=&#8221;url:https%3A%2F%2Ffg.ull.es%2Ffundacion%2Fcalidad-e-igualdad%2F|||&#8221;][\/vc_column][\/vc_row]<\/p>\n<\/section>","protected":false},"excerpt":{"rendered":"<p>[vc_row][vc_column][vc_column_text] Se trata de una norma internacional, elaborada por la Organizaci\u00f3n Internacional para la Estandarizaci\u00f3n, que verifica la calidad en la gesti\u00f3n de las organizaciones. La Fundaci\u00f3n General de la Universidad de La Laguna ha renovado el Certificado del Sistema de Gesti\u00f3n de la Calidad, en este caso, por parte de la entidad externa\u00a0AENOR, empresa&#8230;<\/p>\n","protected":false},"author":24,"featured_media":38862,"comment_status":"closed","ping_status":"closed","sticky":false,"template":"","format":"standard","meta":{"footnotes":""},"categories":[2,177,7],"tags":[589,32,115,33,588],"featured_image_thumbnail_url":"https:\/\/fg.ull.es\/noticias\/wp-content\/uploads\/sites\/2\/2018\/10\/iso9001-2015-300x150.jpg","_links":{"self":[{"href":"https:\/\/fg.ull.es\/noticias\/wp-json\/wp\/v2\/posts\/38805"}],"collection":[{"href":"https:\/\/fg.ull.es\/noticias\/wp-json\/wp\/v2\/posts"}],"about":[{"href":"https:\/\/fg.ull.es\/noticias\/wp-json\/wp\/v2\/types\/post"}],"author":[{"embeddable":true,"href":"https:\/\/fg.ull.es\/noticias\/wp-json\/wp\/v2\/users\/24"}],"replies":[{"embeddable":true,"href":"https:\/\/fg.ull.es\/noticias\/wp-json\/wp\/v2\/comments?post=38805"}],"version-history":[{"count":12,"href":"https:\/\/fg.ull.es\/noticias\/wp-json\/wp\/v2\/posts\/38805\/revisions"}],"predecessor-version":[{"id":38939,"href":"https:\/\/fg.ull.es\/noticias\/wp-json\/wp\/v2\/posts\/38805\/revisions\/38939"}],"wp:featuredmedia":[{"embeddable":true,"href":"https:\/\/fg.ull.es\/noticias\/wp-json\/wp\/v2\/media\/38862"}],"wp:attachment":[{"href":"https:\/\/fg.ull.es\/noticias\/wp-json\/wp\/v2\/media?parent=38805"}],"wp:term":[{"taxonomy":"category","embeddable":true,"href":"https:\/\/fg.ull.es\/noticias\/wp-json\/wp\/v2\/categories?post=38805"},{"taxonomy":"post_tag","embeddable":true,"href":"https:\/\/fg.ull.es\/noticias\/wp-json\/wp\/v2\/tags?post=38805"}],"curies":[{"name":"wp","href":"https:\/\/api.w.org\/{rel}","templated":true}]}}