{"id":38761,"date":"2018-10-16T15:02:27","date_gmt":"2018-10-16T14:02:27","guid":{"rendered":"https:\/\/fg.ull.es\/noticias\/?p=38761"},"modified":"2018-10-16T15:02:27","modified_gmt":"2018-10-16T14:02:27","slug":"primer-listado-provisional-de-la-convocatoria-de-seleccion-de-personal-investigador-para-participar-en-el-contrato-de-servicio-entre-turismo-de-tenerife-la-universidad-de-la-laguna-y-la-fund","status":"publish","type":"post","link":"https:\/\/fg.ull.es\/noticias\/2018\/10\/16\/primer-listado-provisional-de-la-convocatoria-de-seleccion-de-personal-investigador-para-participar-en-el-contrato-de-servicio-entre-turismo-de-tenerife-la-universidad-de-la-laguna-y-la-fund\/","title":{"rendered":"Primer listado provisional de la convocatoria de selecci\u00f3n de personal investigador para participar en \u201cEl contrato de servicio entre Turismo de Tenerife, La Universidad de La Laguna y La Fundaci\u00f3n General de La Universidad de La Laguna para el desarrollo de actividades en el marco de la C\u00e1tedra de Turismo Cajacanarias \u2013 Ashotel \u2013 Universidad de La Laguna (2018BDE026).\u201d"},"content":{"rendered":"<h4>A continuaci\u00f3n, se presenta el primer listado provisional de aceptados\/as y excluidos\/as de la convocatoria de selecci\u00f3n de personal investigador para participar en <em>\u201cEl contrato de servicio entre Turismo de Tenerife, La Universidad de La Laguna y La Fundaci\u00f3n General de La Universidad de La Laguna para el desarrollo de actividades en el marco de la C\u00e1tedra de Turismo Cajacanarias \u2013 Ashotel \u2013 Universidad de La Laguna (2018BDE026)<\/em>.\u201d<\/h4>\n<p>A partir de este momento, comienza el periodo de alegaciones que, en ning\u00fan caso, ser\u00e1 periodo de subsanaci\u00f3n de documentaci\u00f3n. Finalizado \u00e9ste, a las 17:00 horas del 19 de octubre de 2018, y resueltas \u00e9stas, se proceder\u00e1 a publicar el primer listado definitivo.<\/p>\n<p>Las alegaciones \u00fanica y exclusivamente se podr\u00e1n presentar telem\u00e1ticamente al correo electr\u00f3nico seleccion@fg.ull.es y utilizando el siguiente documento normalizado: <strong>documento de alegaciones.<\/strong><\/p>\n<p>Para la valoraci\u00f3n de todas y cada una de las candidaturas, y de los futuros procesos, se ha tomado\/tomar\u00e1 como fundamento lo especificado en:<\/p>\n<ul>\n<li><a href=\"https:\/\/drive.google.com\/file\/d\/1Bly9FfUecctF7PLnPEU3GxuqG8R0KgqL\/view\"><strong>Bases generales<\/strong><\/a><\/li>\n<li><a href=\"https:\/\/drive.google.com\/file\/d\/1XS35Sh6KFoiLOB56_cdJRVbdO238ypnN\/view\"><strong>Perfil singular<\/strong><\/a><\/li>\n<\/ul>\n<p>Puede ver el listado 1er Listado Provisional <a href=\"https:\/\/drive.google.com\/file\/d\/1N7W-j1v76c2uc-wWc3WPmv6qlI735znz\/view?usp=sharing\" target=\"_blank\" rel=\"noopener\">aqu\u00ed<\/a>.<\/p>\n<p>&nbsp;<\/p>\n","protected":false},"excerpt":{"rendered":"<p>A continuaci\u00f3n, se presenta el primer listado provisional de aceptados\/as y excluidos\/as de la convocatoria de selecci\u00f3n de personal investigador para participar en \u201cEl contrato de servicio entre Turismo de Tenerife, La Universidad de La Laguna y La Fundaci\u00f3n General de La Universidad de La Laguna para el desarrollo de actividades en el marco de&#8230;<\/p>\n","protected":false},"author":5,"featured_media":0,"comment_status":"closed","ping_status":"closed","sticky":false,"template":"","format":"standard","meta":{"footnotes":""},"categories":[52,232],"tags":[98,44],"featured_image_thumbnail_url":null,"_links":{"self":[{"href":"https:\/\/fg.ull.es\/noticias\/wp-json\/wp\/v2\/posts\/38761"}],"collection":[{"href":"https:\/\/fg.ull.es\/noticias\/wp-json\/wp\/v2\/posts"}],"about":[{"href":"https:\/\/fg.ull.es\/noticias\/wp-json\/wp\/v2\/types\/post"}],"author":[{"embeddable":true,"href":"https:\/\/fg.ull.es\/noticias\/wp-json\/wp\/v2\/users\/5"}],"replies":[{"embeddable":true,"href":"https:\/\/fg.ull.es\/noticias\/wp-json\/wp\/v2\/comments?post=38761"}],"version-history":[{"count":2,"href":"https:\/\/fg.ull.es\/noticias\/wp-json\/wp\/v2\/posts\/38761\/revisions"}],"predecessor-version":[{"id":38886,"href":"https:\/\/fg.ull.es\/noticias\/wp-json\/wp\/v2\/posts\/38761\/revisions\/38886"}],"wp:attachment":[{"href":"https:\/\/fg.ull.es\/noticias\/wp-json\/wp\/v2\/media?parent=38761"}],"wp:term":[{"taxonomy":"category","embeddable":true,"href":"https:\/\/fg.ull.es\/noticias\/wp-json\/wp\/v2\/categories?post=38761"},{"taxonomy":"post_tag","embeddable":true,"href":"https:\/\/fg.ull.es\/noticias\/wp-json\/wp\/v2\/tags?post=38761"}],"curies":[{"name":"wp","href":"https:\/\/api.w.org\/{rel}","templated":true}]}}