{"id":38673,"date":"2018-10-10T09:43:07","date_gmt":"2018-10-10T08:43:07","guid":{"rendered":"https:\/\/fg.ull.es\/noticias\/?p=38673"},"modified":"2018-10-10T09:43:07","modified_gmt":"2018-10-10T08:43:07","slug":"convocatoria-de-seleccion-de-personal-para-conformar-una-bolsa-de-empleo-para-la-realizacion-de-trabajos-relacionadas-con-la-gestion-administrativa-y-documental-de-proyectos-asi-como-su-promocion-se","status":"publish","type":"post","link":"https:\/\/fg.ull.es\/noticias\/2018\/10\/10\/convocatoria-de-seleccion-de-personal-para-conformar-una-bolsa-de-empleo-para-la-realizacion-de-trabajos-relacionadas-con-la-gestion-administrativa-y-documental-de-proyectos-asi-como-su-promocion-se\/","title":{"rendered":"Convocatoria de selecci\u00f3n de personal para conformar una bolsa de empleo para la realizaci\u00f3n de trabajos relacionadas con la gesti\u00f3n administrativa y documental de proyectos, as\u00ed como su promoci\u00f3n, seguimiento y justificaci\u00f3n para la Fundaci\u00f3n General de la Universidad de La Laguna (2018BDE027)"},"content":{"rendered":"<h3>Las personas interesadas en participar pueden presentar su candidatura a trav\u00e9s de la sede electr\u00f3nica de la Fundaci\u00f3n General de la Universidad de La Laguna, desde hoy hasta el pr\u00f3ximo 18 de octubre de 2018.<\/h3>\n<p>Los\/as candidatos\/as deben cumplir con lo expuesto en las bases generales y perfil singular de la convocatoria. Los requisitos m\u00ednimos para acceder, son entre otros:<\/p>\n<p><u>Requisitos m\u00ednimos:\u00a0<\/u><\/p>\n<p><b>R1.-<\/b><span style=\"font-weight: 400\">Estar en posesi\u00f3n de alguna de las siguientes titulaciones:<\/span><\/p>\n<ul>\n<li style=\"font-weight: 400\"><span style=\"font-weight: 400\">Titulaci\u00f3n universitaria de Grado, diplomatura o licenciatura en Contabilidad y Finanzas, Econom\u00eda, Administraci\u00f3n y Direcci\u00f3n de Empresas, Ciencias Empresariales, Relaciones Laborales y\/o Ciencias Econ\u00f3micas.<\/span><\/li>\n<li style=\"font-weight: 400\"><span style=\"font-weight: 400\">Titulaci\u00f3n de Formaci\u00f3n Profesional de Grado Superior correspondiente a la Familia Profesional de Administraci\u00f3n y Gesti\u00f3n.<\/span><\/li>\n<\/ul>\n<p><b>R2.-<\/b><span style=\"font-weight: 400\">Experiencia de al menos 6 meses en gesti\u00f3n administrativa de proyectos de fomento del empleo.<\/span><\/p>\n<p><b>R3. <\/b><span style=\"font-weight: 400\">-Nivel B1 en ingl\u00e9s de acuerdo al Marco Com\u00fan Europeo de referencia para las lenguas (MCER).<\/span><\/p>\n<p>&nbsp;<\/p>\n<p>Para la inscripci\u00f3n es totalmente necesario el cumplimiento de los requisitos expuestos en las bases que se presentan a continuaci\u00f3n:<\/p>\n<p><a href=\"https:\/\/drive.google.com\/file\/d\/1Bly9FfUecctF7PLnPEU3GxuqG8R0KgqL\/view\"><strong>Bases generales<\/strong><\/a><\/p>\n<p><a href=\"https:\/\/drive.google.com\/file\/d\/1JdQTxRpPLvw_92LVXrGKhVymhwo9OTXY\/view?usp=sharing\"><strong>Perfil singular<\/strong><\/a><\/p>\n<p>Anexo I. Documento de autobaremaci\u00f3n (<a href=\"https:\/\/drive.google.com\/file\/d\/1hfvyI2zbceeAAxKRqyPVQ2KZPci6yTv6\/view?usp=sharing\">pdf,<\/a> <a href=\"https:\/\/drive.google.com\/file\/d\/1SpBMH6AL-_pu0G4oCvD_vqxwwUhx3Er6\/view?usp=sharing\">docx<\/a>, <a href=\"https:\/\/drive.google.com\/file\/d\/1Wk1b3110vLbp_5-7zvPflkM0ODNdlJWt\/view?usp=sharing\">odt<\/a>)<\/p>\n<h3><a href=\"https:\/\/sede.fg.ull.es\/es\/empleo\/detalle\/a18230092\/fundacion-general-de-la-universidad-de-la-laguna-agencia-universitaria-de-empleo\">Puedes inscribirte aqu\u00ed<\/a><\/h3>\n","protected":false},"excerpt":{"rendered":"<p>Las personas interesadas en participar pueden presentar su candidatura a trav\u00e9s de la sede electr\u00f3nica de la Fundaci\u00f3n General de la Universidad de La Laguna, desde hoy hasta el pr\u00f3ximo 18 de octubre de 2018. Los\/as candidatos\/as deben cumplir con lo expuesto en las bases generales y perfil singular de la convocatoria. Los requisitos m\u00ednimos&#8230;<\/p>\n","protected":false},"author":9,"featured_media":0,"comment_status":"closed","ping_status":"closed","sticky":false,"template":"","format":"standard","meta":{"footnotes":""},"categories":[232],"tags":[],"featured_image_thumbnail_url":null,"_links":{"self":[{"href":"https:\/\/fg.ull.es\/noticias\/wp-json\/wp\/v2\/posts\/38673"}],"collection":[{"href":"https:\/\/fg.ull.es\/noticias\/wp-json\/wp\/v2\/posts"}],"about":[{"href":"https:\/\/fg.ull.es\/noticias\/wp-json\/wp\/v2\/types\/post"}],"author":[{"embeddable":true,"href":"https:\/\/fg.ull.es\/noticias\/wp-json\/wp\/v2\/users\/9"}],"replies":[{"embeddable":true,"href":"https:\/\/fg.ull.es\/noticias\/wp-json\/wp\/v2\/comments?post=38673"}],"version-history":[{"count":3,"href":"https:\/\/fg.ull.es\/noticias\/wp-json\/wp\/v2\/posts\/38673\/revisions"}],"predecessor-version":[{"id":38677,"href":"https:\/\/fg.ull.es\/noticias\/wp-json\/wp\/v2\/posts\/38673\/revisions\/38677"}],"wp:attachment":[{"href":"https:\/\/fg.ull.es\/noticias\/wp-json\/wp\/v2\/media?parent=38673"}],"wp:term":[{"taxonomy":"category","embeddable":true,"href":"https:\/\/fg.ull.es\/noticias\/wp-json\/wp\/v2\/categories?post=38673"},{"taxonomy":"post_tag","embeddable":true,"href":"https:\/\/fg.ull.es\/noticias\/wp-json\/wp\/v2\/tags?post=38673"}],"curies":[{"name":"wp","href":"https:\/\/api.w.org\/{rel}","templated":true}]}}