{"id":38524,"date":"2018-10-02T18:37:24","date_gmt":"2018-10-02T17:37:24","guid":{"rendered":"https:\/\/fg.ull.es\/noticias\/?p=38524"},"modified":"2018-10-03T14:35:17","modified_gmt":"2018-10-03T13:35:17","slug":"primeros-listados-definitivos-de-la-convocatoria-de-seleccion-de-personal-para-conformar-una-bolsa-de-empleo-para-el-desarrollo-de-actividades-de-promocion-y-gestion-de-proyectos-de-innovacion-social","status":"publish","type":"post","link":"https:\/\/fg.ull.es\/noticias\/2018\/10\/02\/primeros-listados-definitivos-de-la-convocatoria-de-seleccion-de-personal-para-conformar-una-bolsa-de-empleo-para-el-desarrollo-de-actividades-de-promocion-y-gestion-de-proyectos-de-innovacion-social\/","title":{"rendered":"Primeros listados definitivos de la convocatoria de selecci\u00f3n de personal para conformar una bolsa de empleo para el desarrollo de actividades de promoci\u00f3n y gesti\u00f3n de proyectos de innovaci\u00f3n social en la Fundaci\u00f3n General de la Universidad de la Laguna (2018BDE024)."},"content":{"rendered":"<h4>A continuaci\u00f3n, se presentan los primeros listados definitivos de aceptados\/as y excluidos\/as de la convocatoria de selecci\u00f3n de personal para conformar una bolsa de empleo para el desarrollo de actividades de promoci\u00f3n y gesti\u00f3n de proyectos de innovaci\u00f3n social en la Fundaci\u00f3n General de la Universidad de la Laguna (perfil de t\u00e9cnico\/a de proyectos de innovaci\u00f3n social)<\/h4>\n<p>Finalizado el periodo de alegaciones se procede a publicar los listados con las personas que han sido seleccionadas para participar en la segunda fase del proceso.<\/p>\n<ul>\n<li><a href=\"https:\/\/drive.google.com\/open?id=1aUZcdEne2W7OZSJKZGsWYRZo0zse94VS\" target=\"_blank\" rel=\"noopener\">Primer listado definitivos perfil de t\u00e9cnico\/a de proyectos de innovaci\u00f3n social (2018BDE024)<\/a><\/li>\n<\/ul>\n<p>Las entrevistas se realizar\u00e1n los d\u00edas 9 y 10 de octubre en la Fundaci\u00f3n General de La Universidad de La Laguna. A las personas seleccionadas se les enviar\u00e1 por correo electr\u00f3nico la fecha y hora de la entrevista.<\/p>\n<p>Para la valoraci\u00f3n de todas y cada una de las candidaturas, y de los futuros procesos, se ha tomado\/tomar\u00e1 como fundamento lo especificado en:<\/p>\n<ul>\n<li><a href=\"https:\/\/drive.google.com\/open?id=1jLQAK1YKe_sRZ3rnHzej682KCN_FQCam\" target=\"_blank\" rel=\"noopener\">Bases Generales<\/a><\/li>\n<li><a href=\"https:\/\/drive.google.com\/open?id=1OOsr8hZ_-3WABCvGpXlaP4oQPB2gyL6c\" target=\"_blank\" rel=\"noopener\">Perfil Singular\u00a0<strong>2018BDE024\u00a0<\/strong>\u2013 T\u00e9cnico\/a Unidad de Innovaci\u00f3n Social<\/a><\/li>\n<\/ul>\n","protected":false},"excerpt":{"rendered":"<p>A continuaci\u00f3n, se presentan los primeros listados definitivos de aceptados\/as y excluidos\/as de la convocatoria de selecci\u00f3n de personal para conformar una bolsa de empleo para el desarrollo de actividades de promoci\u00f3n y gesti\u00f3n de proyectos de innovaci\u00f3n social en la Fundaci\u00f3n General de la Universidad de la Laguna (perfil de t\u00e9cnico\/a de proyectos de&#8230;<\/p>\n","protected":false},"author":5,"featured_media":0,"comment_status":"closed","ping_status":"closed","sticky":false,"template":"","format":"standard","meta":{"footnotes":""},"categories":[52,232],"tags":[98,44],"featured_image_thumbnail_url":null,"_links":{"self":[{"href":"https:\/\/fg.ull.es\/noticias\/wp-json\/wp\/v2\/posts\/38524"}],"collection":[{"href":"https:\/\/fg.ull.es\/noticias\/wp-json\/wp\/v2\/posts"}],"about":[{"href":"https:\/\/fg.ull.es\/noticias\/wp-json\/wp\/v2\/types\/post"}],"author":[{"embeddable":true,"href":"https:\/\/fg.ull.es\/noticias\/wp-json\/wp\/v2\/users\/5"}],"replies":[{"embeddable":true,"href":"https:\/\/fg.ull.es\/noticias\/wp-json\/wp\/v2\/comments?post=38524"}],"version-history":[{"count":2,"href":"https:\/\/fg.ull.es\/noticias\/wp-json\/wp\/v2\/posts\/38524\/revisions"}],"predecessor-version":[{"id":38536,"href":"https:\/\/fg.ull.es\/noticias\/wp-json\/wp\/v2\/posts\/38524\/revisions\/38536"}],"wp:attachment":[{"href":"https:\/\/fg.ull.es\/noticias\/wp-json\/wp\/v2\/media?parent=38524"}],"wp:term":[{"taxonomy":"category","embeddable":true,"href":"https:\/\/fg.ull.es\/noticias\/wp-json\/wp\/v2\/categories?post=38524"},{"taxonomy":"post_tag","embeddable":true,"href":"https:\/\/fg.ull.es\/noticias\/wp-json\/wp\/v2\/tags?post=38524"}],"curies":[{"name":"wp","href":"https:\/\/api.w.org\/{rel}","templated":true}]}}