{"id":38522,"date":"2018-10-02T16:18:02","date_gmt":"2018-10-02T15:18:02","guid":{"rendered":"https:\/\/fg.ull.es\/noticias\/?p=38522"},"modified":"2018-10-02T16:18:02","modified_gmt":"2018-10-02T15:18:02","slug":"convocatoria-de-seleccion-de-una-beca-formativa-de-investigacion-para-participar-en-el-proyecto-plan-de-actuacion-insular-volcanico-de-la-isla-de-la-palma","status":"publish","type":"post","link":"https:\/\/fg.ull.es\/noticias\/2018\/10\/02\/convocatoria-de-seleccion-de-una-beca-formativa-de-investigacion-para-participar-en-el-proyecto-plan-de-actuacion-insular-volcanico-de-la-isla-de-la-palma\/","title":{"rendered":"Convocatoria de selecci\u00f3n de una beca formativa de investigaci\u00f3n para participar en el proyecto \u201cPlan de Actuaci\u00f3n Insular Volc\u00e1nico de la Isla de La Palma\u201d."},"content":{"rendered":"<h4>A partir del mi\u00e9rcoles 03 y hasta el pr\u00f3ximo 09 de octubre de 2018 se abre el proceso de selecci\u00f3n de personal para participar en el proyecto \u201cPlan de Actuaci\u00f3n Insular Volc\u00e1nico de la Isla de La Palma\u201d.<\/h4>\n<p>Las personas interesadas en participar en el proceso de selecci\u00f3n deben cumplir con lo expuesto en las bases generales y perfil singular de la convocatoria. Los requisitos m\u00ednimos son los siguientes:<\/p>\n<ul>\n<li>Grado en Geograf\u00eda y Ordenaci\u00f3n del Territorio, Grado en Ciencias del Mar, Grado en Ciencias Ambientales, Grado en Biolog\u00eda, Grado en Arquitectura o similar.<\/li>\n<\/ul>\n<p>Para la inscripci\u00f3n es totalmente necesario el cumplimiento de los requisitos expuestos en las bases que se presentan a continuaci\u00f3n:<\/p>\n<ul>\n<li><a href=\"https:\/\/drive.google.com\/file\/d\/0Bw3NGKR8uBCOWnRsUFN6bVcyODg\/view\" target=\"_blank\" rel=\"noopener\">Bases generales<\/a><\/li>\n<li><a href=\"https:\/\/drive.google.com\/open?id=1rODKWUmEzAWMOedJq0Yw2BWDrFj784aW\" target=\"_blank\" rel=\"noopener\">Perfil singular<\/a><\/li>\n<\/ul>\n<p>Puedes inscribirte <a href=\"https:\/\/sede.fg.ull.es\/es\/empleo\/detalle\/a18120021\/fundacion-general-de-la-universidad-de-la-laguna-agencia-universitaria-de-innovacion\" target=\"_blank\" rel=\"noopener\">aqu\u00ed<\/a><\/p>\n","protected":false},"excerpt":{"rendered":"<p>A partir del mi\u00e9rcoles 03 y hasta el pr\u00f3ximo 09 de octubre de 2018 se abre el proceso de selecci\u00f3n de personal para participar en el proyecto \u201cPlan de Actuaci\u00f3n Insular Volc\u00e1nico de la Isla de La Palma\u201d. Las personas interesadas en participar en el proceso de selecci\u00f3n deben cumplir con lo expuesto en las&#8230;<\/p>\n","protected":false},"author":5,"featured_media":0,"comment_status":"closed","ping_status":"closed","sticky":false,"template":"","format":"standard","meta":{"footnotes":""},"categories":[52,232],"tags":[75,98],"featured_image_thumbnail_url":null,"_links":{"self":[{"href":"https:\/\/fg.ull.es\/noticias\/wp-json\/wp\/v2\/posts\/38522"}],"collection":[{"href":"https:\/\/fg.ull.es\/noticias\/wp-json\/wp\/v2\/posts"}],"about":[{"href":"https:\/\/fg.ull.es\/noticias\/wp-json\/wp\/v2\/types\/post"}],"author":[{"embeddable":true,"href":"https:\/\/fg.ull.es\/noticias\/wp-json\/wp\/v2\/users\/5"}],"replies":[{"embeddable":true,"href":"https:\/\/fg.ull.es\/noticias\/wp-json\/wp\/v2\/comments?post=38522"}],"version-history":[{"count":1,"href":"https:\/\/fg.ull.es\/noticias\/wp-json\/wp\/v2\/posts\/38522\/revisions"}],"predecessor-version":[{"id":38523,"href":"https:\/\/fg.ull.es\/noticias\/wp-json\/wp\/v2\/posts\/38522\/revisions\/38523"}],"wp:attachment":[{"href":"https:\/\/fg.ull.es\/noticias\/wp-json\/wp\/v2\/media?parent=38522"}],"wp:term":[{"taxonomy":"category","embeddable":true,"href":"https:\/\/fg.ull.es\/noticias\/wp-json\/wp\/v2\/categories?post=38522"},{"taxonomy":"post_tag","embeddable":true,"href":"https:\/\/fg.ull.es\/noticias\/wp-json\/wp\/v2\/tags?post=38522"}],"curies":[{"name":"wp","href":"https:\/\/api.w.org\/{rel}","templated":true}]}}